{"id":1007132,"date":"2026-02-26T12:38:08","date_gmt":"2026-02-26T11:38:08","guid":{"rendered":"https:\/\/puntocometa.dev\/?p=1007132"},"modified":"2026-05-25T16:09:15","modified_gmt":"2026-05-25T14:09:15","slug":"corso-di-formazione-professionalizzante-per-assistente-alle-vendite-rivolto-a-persone-con-disabilita-intellettiva-2","status":"publish","type":"post","link":"https:\/\/puntocometa.dev\/en\/corso-di-formazione-professionalizzante-per-assistente-alle-vendite-rivolto-a-persone-con-disabilita-intellettiva-2\/","title":{"rendered":"Corso di formazione professionalizzante per assistente alle vendite rivolto a persone con disabilit\u00e0 intellettiva"},"content":{"rendered":"<div class=\"wp-block-image\">\n<figure class=\"alignright size-full\"><img decoding=\"async\" src=\"https:\/\/puntocometa.dev\/wp-content\/uploads\/2026\/02\/Logo-Easy-to-Read.gif\" alt=\"-\" class=\"wp-image-1007135\" title=\"\"><\/figure>\n<\/div>\n\n\n<p class=\"wp-block-paragraph\"><\/p>\n\n\n\n<p class=\"wp-block-paragraph\">Cometa, in collaborazione con APSA, desidera<br>che le persone con disabilit\u00e0 intellettiva<br>abbiano un ruolo attivo nella societ\u00e0,<br>attraverso la formazione professionale e il lavoro.<\/p>\n\n\n\n<p class=\"wp-block-paragraph\">Per questo motivo proponiamo<br>un corso di formazione professionalizzante<br>per assistente alle vendite.<br>Attraverso questo corso le persone<br>possono migliorare la loro qualit\u00e0 di vita,<br>imparare un lavoro e fare pratica in azienda.<br>Questo percorso serve per accompagnare<br>le persone verso la vita adulta.<\/p>\n\n\n\n<p class=\"wp-block-paragraph\"><br>Il corso insegner\u00e0 a:<br>\u2022 Sviluppare competenze trasversali.<br>\u2022 Conoscere il mestiere di \u201cassistente alle vendite\u201d.<br>\u2022 Avere comportamenti socialmente adeguati.<br>\u2022 Avere una maggiore accessibilit\u00e0 cognitiva.<\/p>\n\n\n\n<p class=\"wp-block-paragraph\"><strong>Caratteristiche del Corso.<\/strong><\/p>\n\n\n<div class=\"wp-block-image\">\n<figure class=\"alignright size-thumbnail\"><img decoding=\"async\" src=\"https:\/\/puntocometa.dev\/wp-content\/uploads\/2026\/02\/corsoaddettovendita_mail_rev1-150x150.jpeg\" alt=\"-\" class=\"wp-image-1007172\" style=\"aspect-ratio:1;object-fit:contain\" title=\"\"><\/figure>\n<\/div>\n\n\n<p class=\"wp-block-paragraph\"><strong>Contenuti:<\/strong><br>\u2022 Abilit\u00e0 personali e di vita quotidiana.<br>\u2022 Assistente alle vendite<br>(nei settori dell\u2019abbigliamento, della ristorazione,<br>della grande distribuzione).<br>\u2022 Gestione delle emozioni e dei comportamenti.<br>\u2022 Orientamento al lavoro.<br>\u2022 Comunicazione e informatica.<br>\u2022 Prevenzione dei rischi sul lavoro: corso sulla sicurezza.<br>\u2022 Educazione motoria e posturale.<br>\u2022 Obiettivi di Sviluppo Sostenibile 2030.<br>\u2022 Tirocinio in azienda.<\/p>\n\n\n<div class=\"wp-block-image\">\n<figure class=\"alignright size-thumbnail\"><img decoding=\"async\" src=\"https:\/\/puntocometa.dev\/wp-content\/uploads\/2026\/02\/corsoaddettovendita_mail_rev-150x150.jpeg\" alt=\"-\" class=\"wp-image-1007175\" title=\"\"><\/figure>\n<\/div>\n\n\n<p class=\"wp-block-paragraph\"><strong>Requisiti per essere ammessi al corso:<br><\/strong>&#8211; Non \u00e8 necessario avere un titolo di studio o qualifica professionale<br>&#8211; Essere residente in provincia di Como<br>&#8211; Avere una et\u00e0 compresa tra i 18 e 30 anni<br>&#8211; Avere un\u2019invalidit\u00e0 pari o superiore al 46% <br>e un certificato di disabilit\u00e0 intellettiva <br>con comprovate capacit\u00e0 lavorative.<br>&#8211; Avere la domanda aggiornata <br>per legge 68\/99 con la relazione conclusiva<br>&#8211; Avere l\u2019iscrizione aggiornata al collocamento mirato<br>&#8211; Avere competenze didattiche di base di lettura e scrittura<br>&#8211; Avere autonomie nella vita personale e sociale.<br>&#8211; Manifestare il desiderio di formarsi<\/p>\n\n\n<div class=\"wp-block-image\">\n<figure class=\"alignright size-thumbnail\"><img decoding=\"async\" src=\"https:\/\/puntocometa.dev\/wp-content\/uploads\/2026\/02\/Immagine-2026-02-27-123110-150x150.jpg\" alt=\"-\" class=\"wp-image-1007174\" title=\"\"><\/figure>\n<\/div>\n\n\n<p class=\"wp-block-paragraph\"><strong>Equipe di lavoro:<br><\/strong>Responsabilit\u00e0 generale 1 direttore.<br>\u25a0 Supervisione di 1 psicologo.<br>\u25a0 Supervisione e coordinamento di 1 pedagogista.<br>\u25a0 Formazione da parte di 1 docente<br>e professionisti del settore.<br>\u25a0 Monitoraggio di 1 tutor.<\/p>\n\n\n\n<p class=\"wp-block-paragraph\"><strong>Il corso prevede:<br><\/strong>\u2022 500 ore di lezioni pratiche in aula e sul territorio.<br>\u2022 200 ore di tirocinio in azienda.<\/p>\n\n\n\n<p class=\"wp-block-paragraph\"><strong>Il corso si svolger\u00e0 da ottobre 2026 a luglio 2027,<br>ogni giorno dal luned\u00ec al venerd\u00ec,<br>dalle ore 8.30 alle ore 13.30 del mattino.<br>Il corso si svolger\u00e0 a Como.<br>La sede del corso verr\u00e0 comunicata nei prossimi mesi.<\/strong><\/p>\n\n\n\n<p class=\"wp-block-paragraph\">Il corso non garantisce un inserimento lavorativo.<br>Al termine verr\u00e0 consegnato un attestato di frequenza<br>ed \u00e8 previsto un colloquio finale di orientamento.<br>Per ricevere l\u2019attestato \u00e8 necessario frequentare<br>almeno 400 ore di lezioni pratiche in aula<br>e completare per intero il tirocinio.<\/p>\n\n\n\n<p class=\"wp-block-paragraph\"><strong>La partecipazione \u00e8 gratuita.<br>Ci sar\u00e0 un processo di selezione<br>e il corso avr\u00e0 un numero massimo di 10 partecipanti.<\/strong><\/p>\n\n\n\n<p class=\"wp-block-paragraph\"><strong><br>Per informazioni e iscrizioni scrivi a <a href=\"mailto:corsi@puntocometa.dev\">corsi@puntocometa.dev<\/a><br>o su WhatsApp +39.389.56.86.592<br>dal luned\u00ec al venerd\u00ec,<br>dalle ore 9.00 del mattino alle 6.00 del pomeriggio.<\/strong><br><strong>Iscrizioni entro il 15 giugno 2026.<\/strong><\/p>\n\n\n\n<p class=\"wp-block-paragraph\">Il corso di formazione professionalizzante<br>per assistenti alle vendite<br>rivolto a persone con disabilit\u00e0<br>\u00e8 possibile anche grazie alla collaborazione<br>con Intesa Sanpaolo\u202fe Fondazione Intesa Sanpaolo ente filantropico.<\/p>\n\n\n\n<div class=\"wp-block-buttons is-layout-flex wp-block-buttons-is-layout-flex\">\n<div class=\"wp-block-button\"><a class=\"wp-block-button__link has-white-color has-text-color has-link-color wp-element-button\" href=\"https:\/\/puntocometa.dev\/wp-content\/uploads\/2026\/05\/brochure2026_corsoaddettovendita_-1.pdf\">SCARICA LA LOCANDINA<\/a><\/div>\n<\/div>\n\n\n\n<p class=\"wp-block-paragraph\"><\/p>\n","protected":false},"excerpt":{"rendered":"<p>Cometa, in collaborazione con APSA, desiderache le persone con disabilit\u00e0 intellettivaabbiano un ruolo attivo nella societ\u00e0,attraverso la formazione professionale e il lavoro. Per questo motivo proponiamoun corso di formazione professionalizzanteper assistente alle vendite.Attraverso questo corso le personepossono migliorare la loro qualit\u00e0 di vita,imparare un lavoro e fare pratica in azienda.Questo percorso serve per accompagnarele persone [&hellip;]<\/p>\n","protected":false},"author":15,"featured_media":1006817,"comment_status":"open","ping_status":"open","sticky":false,"template":"","format":"standard","meta":{"_acf_changed":false,"give_campaign_id":0,"footnotes":""},"categories":[276,122],"tags":[],"class_list":["post-1007132","post","type-post","status-publish","format-standard","has-post-thumbnail","hentry","category-news"],"acf":[],"_links":{"self":[{"href":"https:\/\/puntocometa.dev\/en\/wp-json\/wp\/v2\/posts\/1007132","targetHints":{"allow":["GET"]}}],"collection":[{"href":"https:\/\/puntocometa.dev\/en\/wp-json\/wp\/v2\/posts"}],"about":[{"href":"https:\/\/puntocometa.dev\/en\/wp-json\/wp\/v2\/types\/post"}],"author":[{"embeddable":true,"href":"https:\/\/puntocometa.dev\/en\/wp-json\/wp\/v2\/users\/15"}],"replies":[{"embeddable":true,"href":"https:\/\/puntocometa.dev\/en\/wp-json\/wp\/v2\/comments?post=1007132"}],"version-history":[{"count":23,"href":"https:\/\/puntocometa.dev\/en\/wp-json\/wp\/v2\/posts\/1007132\/revisions"}],"predecessor-version":[{"id":1008930,"href":"https:\/\/puntocometa.dev\/en\/wp-json\/wp\/v2\/posts\/1007132\/revisions\/1008930"}],"wp:featuredmedia":[{"embeddable":true,"href":"https:\/\/puntocometa.dev\/en\/wp-json\/wp\/v2\/media\/1006817"}],"wp:attachment":[{"href":"https:\/\/puntocometa.dev\/en\/wp-json\/wp\/v2\/media?parent=1007132"}],"wp:term":[{"taxonomy":"category","embeddable":true,"href":"https:\/\/puntocometa.dev\/en\/wp-json\/wp\/v2\/categories?post=1007132"},{"taxonomy":"post_tag","embeddable":true,"href":"https:\/\/puntocometa.dev\/en\/wp-json\/wp\/v2\/tags?post=1007132"}],"curies":[{"name":"wp","href":"https:\/\/api.w.org\/{rel}","templated":true}]}}