{"id":8752,"date":"2014-11-15T15:55:48","date_gmt":"2014-11-15T14:55:48","guid":{"rendered":"https:\/\/puntocometa.dev\/?p=8752"},"modified":"2014-11-15T15:55:48","modified_gmt":"2014-11-15T14:55:48","slug":"foto-sportiva-mese","status":"publish","type":"post","link":"https:\/\/puntocometa.dev\/de\/foto-sportiva-mese\/","title":{"rendered":"La foto (sportiva) del mese"},"content":{"rendered":"<p>L&#8216;<a href=\"https:\/\/www.facebook.com\/ascometa\" data-hovercard=\"\/ajax\/hovercard\/page.php?id=307488902765060\" rel=\"nofollow noopener\" target=\"_blank\">Associazione Sportiva Cometa<\/a>\u00a0\u00e8 una <strong>proposta<\/strong> che <strong>pone al centro lo sport come strumento funzionale al rapporto educativo<\/strong> e alla <strong>crescita della persona.<\/strong><\/p>\n<p>L\u2019attivit\u00e0 sportiva \u00e8 intesa come <strong>mezzo per far emergere e crescere le potenzialit\u00e0 di ciascun ragazzo\/a<\/strong> e svolge anche iniziative destinate a rispondere ai bisogni di minori che vivono in situazioni di disagio per problemi familiari, proponendo <strong>percorsi educativi individualizzati e di gruppo attraverso l\u2019attivit\u00e0 motoria.<\/strong><\/p>\n<p><strong>Le persone che si dedicano anima e corpo all&#8216;<\/strong><a href=\"https:\/\/puntocometa.dev\/home\/cosa-facciamo\/sport\/\" target=\"_blank\" rel=\"noopener noreferrer\">Associazione Sportiva Cometa<\/a> sono <strong>speciali:<\/strong> come <strong>Mario, a cui \u00e8 dedicata la foto del mese!<\/strong><\/p>\n<p><script type=\"text\/javascript\">\/\/ <![CDATA[ (function(d, s, id) { var js, fjs = d.getElementsByTagName(s)[0]; if (d.getElementById(id)) return; js = d.createElement(s); js.id = id; js.src = \"\/\/connect.facebook.net\/it_IT\/all.js#xfbml=1\"; fjs.parentNode.insertBefore(js, fjs); }(document, 'script', 'facebook-jssdk')); \/\/ ]]><\/script><\/p>\n<div class=\"fb-post\" data-href=\"https:\/\/www.facebook.com\/ascometa\/photos\/a.311275472386403.1073741828.307488902765060\/346580895522527\/?type=1\" data-width=\"466\">\n<div class=\"fb-xfbml-parse-ignore\"><a href=\"https:\/\/www.facebook.com\/ascometa\/photos\/a.311275472386403.1073741828.307488902765060\/346580895522527\/?type=1\" rel=\"nofollow noopener\" target=\"_blank\">Pubblicazione<\/a> di <a href=\"https:\/\/www.facebook.com\/ascometa\" rel=\"nofollow noopener\" target=\"_blank\">Associazione Sportiva Cometa<\/a>.<\/div>\n<\/div>\n","protected":false},"excerpt":{"rendered":"<p>L&#8216;Associazione Sportiva Cometa\u00a0\u00e8 una proposta che pone al centro lo sport come strumento funzionale al rapporto educativo e alla crescita della persona. L\u2019attivit\u00e0 sportiva \u00e8 intesa come mezzo per far emergere e crescere le potenzialit\u00e0 di ciascun ragazzo\/a e svolge anche iniziative destinate a rispondere ai bisogni di minori che vivono in situazioni di disagio [&hellip;]<\/p>\n","protected":false},"author":10,"featured_media":8753,"comment_status":"open","ping_status":"open","sticky":false,"template":"","format":"standard","meta":{"_acf_changed":false,"give_campaign_id":0,"footnotes":""},"categories":[122],"tags":[],"class_list":["post-8752","post","type-post","status-publish","format-standard","has-post-thumbnail","hentry","category-news"],"acf":[],"_links":{"self":[{"href":"https:\/\/puntocometa.dev\/de\/wp-json\/wp\/v2\/posts\/8752","targetHints":{"allow":["GET"]}}],"collection":[{"href":"https:\/\/puntocometa.dev\/de\/wp-json\/wp\/v2\/posts"}],"about":[{"href":"https:\/\/puntocometa.dev\/de\/wp-json\/wp\/v2\/types\/post"}],"author":[{"embeddable":true,"href":"https:\/\/puntocometa.dev\/de\/wp-json\/wp\/v2\/users\/10"}],"replies":[{"embeddable":true,"href":"https:\/\/puntocometa.dev\/de\/wp-json\/wp\/v2\/comments?post=8752"}],"version-history":[{"count":0,"href":"https:\/\/puntocometa.dev\/de\/wp-json\/wp\/v2\/posts\/8752\/revisions"}],"wp:attachment":[{"href":"https:\/\/puntocometa.dev\/de\/wp-json\/wp\/v2\/media?parent=8752"}],"wp:term":[{"taxonomy":"category","embeddable":true,"href":"https:\/\/puntocometa.dev\/de\/wp-json\/wp\/v2\/categories?post=8752"},{"taxonomy":"post_tag","embeddable":true,"href":"https:\/\/puntocometa.dev\/de\/wp-json\/wp\/v2\/tags?post=8752"}],"curies":[{"name":"wp","href":"https:\/\/api.w.org\/{rel}","templated":true}]}}