{"id":40686,"date":"2025-11-06T15:30:00","date_gmt":"2025-11-06T14:30:00","guid":{"rendered":"https:\/\/puntocometa.dev\/?p=40686"},"modified":"2025-11-06T15:30:00","modified_gmt":"2025-11-06T14:30:00","slug":"cometa-allunesco-restaurant-di-parigi-per-un-evento-sullinclusione-lavorativa","status":"publish","type":"post","link":"https:\/\/puntocometa.dev\/de\/cometa-allunesco-restaurant-di-parigi-per-un-evento-sullinclusione-lavorativa\/","title":{"rendered":"COMETA ALL\u2019UNESCO RESTAURANT DI PARIGI PER UN EVENTO SULL\u2019INCLUSIONE LAVORATIVA"},"content":{"rendered":"<p>\u201c\u00c8 molto bello avere insieme tutti questi ragazzi e ragazze con disabilit\u00e0 come noi, per costruire un futuro migliore.\u201d \u2013 Chiara, cameriera al Pane di Sandro<\/p>\n<p>Marted\u00ec 21 ottobre 2025 siamo stati all\u2019Unesco Restaurant di Parigi, invitati dalla ministra per le disabilit\u00e0 Alessandra Locatelli all\u2019evento \u201cWork inclusion: Talents and Skills in Italian Cuisine\u201d insieme ad altre 27 associazioni italiane impegnate nell\u2019inclusione lavorativa.<\/p>\n<p>Durante la serata ci siamo occupati di servire l\u2019aperitivo, proponendo i nostri prodotti dolci e salati, per poi continuare il servizio durante la cena, che accoglieva 150 ospiti da tutto il mondo in un\u2019atmosfera di festa e familiarit\u00e0.<\/p>\n<p>\u201c\u00c8 stato un momento molto importante, in cui Chiara e Stefano si sono sentiti molto coinvolti. \u2013 spiega Mariangela, educatrice presso il Pane di Sandro &#8211; Ancor pi\u00f9 importante \u00e8 ci\u00f2 che si sta creando incontro dopo incontro, evento dopo evento: si sta creando sempre pi\u00f9 unione tra le associazioni italiane. Piano piano ci si conosce, ci si riconosce. Si creano legami e relazioni nuove che possono essere la base per un cammino condiviso sempre pi\u00f9 solido nel percorso dell\u2019inclusione.\u201d<\/p>\n<p>Un\u2019esperienza che permette a ogni persona di mettersi in gioco, trovando nel lavoro un terreno fertile per scoprire s\u00e9 stessi e i propri talenti, maturare competenze e autonomie e che, come ribadito dalla ministra, \u201cpossa offrire opportunit\u00e0, perch\u00e9 ogni persona ha il suo valore che pu\u00f2 e deve mettere a disposizione delle nostre comunit\u00e0\u201d.<\/p>\n<p>Ringraziamo la ministra Alessandra Locatelli per l\u2019opportunit\u00e0.<\/p>\n\n\t\t<style>\n\t\t\t#gallery-1 {\n\t\t\t\tmargin: auto;\n\t\t\t}\n\t\t\t#gallery-1 .gallery-item {\n\t\t\t\tfloat: left;\n\t\t\t\tmargin-top: 10px;\n\t\t\t\ttext-align: center;\n\t\t\t\twidth: 33%;\n\t\t\t}\n\t\t\t#gallery-1 img {\n\t\t\t\tborder: 2px solid #cfcfcf;\n\t\t\t}\n\t\t\t#gallery-1 .gallery-caption {\n\t\t\t\tmargin-left: 0;\n\t\t\t}\n\t\t\t\/* see gallery_shortcode() in wp-includes\/media.php *\/\n\t\t<\/style>\n\t\t<div id='gallery-1' class='gallery galleryid-40686 gallery-columns-3 gallery-size-full'><dl class='gallery-item'>\n\t\t\t<dt class='gallery-icon landscape'>\n\t\t\t\t<a href='https:\/\/puntocometa.dev\/wp-content\/uploads\/2025\/11\/567644453_1254816686688835_2599246582607099199_n.jpg'><img fetchpriority=\"high\" decoding=\"async\" width=\"1173\" height=\"1173\" src=\"https:\/\/puntocometa.dev\/wp-content\/uploads\/2025\/11\/567644453_1254816686688835_2599246582607099199_n.jpg\" class=\"attachment-full size-full\" alt=\"-\" srcset=\"https:\/\/puntocometa.dev\/wp-content\/uploads\/2025\/11\/567644453_1254816686688835_2599246582607099199_n.jpg 1173w, https:\/\/puntocometa.dev\/wp-content\/uploads\/2025\/11\/567644453_1254816686688835_2599246582607099199_n-300x300.jpg 300w, https:\/\/puntocometa.dev\/wp-content\/uploads\/2025\/11\/567644453_1254816686688835_2599246582607099199_n-1024x1024.jpg 1024w, https:\/\/puntocometa.dev\/wp-content\/uploads\/2025\/11\/567644453_1254816686688835_2599246582607099199_n-150x150.jpg 150w, https:\/\/puntocometa.dev\/wp-content\/uploads\/2025\/11\/567644453_1254816686688835_2599246582607099199_n-768x768.jpg 768w\" sizes=\"(max-width: 1173px) 100vw, 1173px\" title=\"\"><\/a>\n\t\t\t<\/dt><\/dl><dl class='gallery-item'>\n\t\t\t<dt class='gallery-icon portrait'>\n\t\t\t\t<a href='https:\/\/puntocometa.dev\/wp-content\/uploads\/2025\/11\/566245125_1254816660022171_5647260377389656447_n.jpg'><img decoding=\"async\" width=\"1196\" height=\"1205\" src=\"https:\/\/puntocometa.dev\/wp-content\/uploads\/2025\/11\/566245125_1254816660022171_5647260377389656447_n.jpg\" class=\"attachment-full size-full\" alt=\"-\" srcset=\"https:\/\/puntocometa.dev\/wp-content\/uploads\/2025\/11\/566245125_1254816660022171_5647260377389656447_n.jpg 1196w, https:\/\/puntocometa.dev\/wp-content\/uploads\/2025\/11\/566245125_1254816660022171_5647260377389656447_n-298x300.jpg 298w, https:\/\/puntocometa.dev\/wp-content\/uploads\/2025\/11\/566245125_1254816660022171_5647260377389656447_n-1016x1024.jpg 1016w, https:\/\/puntocometa.dev\/wp-content\/uploads\/2025\/11\/566245125_1254816660022171_5647260377389656447_n-150x150.jpg 150w, https:\/\/puntocometa.dev\/wp-content\/uploads\/2025\/11\/566245125_1254816660022171_5647260377389656447_n-768x774.jpg 768w\" sizes=\"(max-width: 1196px) 100vw, 1196px\" title=\"\"><\/a>\n\t\t\t<\/dt><\/dl><dl class='gallery-item'>\n\t\t\t<dt class='gallery-icon landscape'>\n\t\t\t\t<a href='https:\/\/puntocometa.dev\/wp-content\/uploads\/2025\/11\/565833085_1254818390021998_289713339764212141_n.jpg'><img decoding=\"async\" width=\"1095\" height=\"1095\" src=\"https:\/\/puntocometa.dev\/wp-content\/uploads\/2025\/11\/565833085_1254818390021998_289713339764212141_n.jpg\" class=\"attachment-full size-full\" alt=\"-\" srcset=\"https:\/\/puntocometa.dev\/wp-content\/uploads\/2025\/11\/565833085_1254818390021998_289713339764212141_n.jpg 1095w, https:\/\/puntocometa.dev\/wp-content\/uploads\/2025\/11\/565833085_1254818390021998_289713339764212141_n-300x300.jpg 300w, https:\/\/puntocometa.dev\/wp-content\/uploads\/2025\/11\/565833085_1254818390021998_289713339764212141_n-1024x1024.jpg 1024w, https:\/\/puntocometa.dev\/wp-content\/uploads\/2025\/11\/565833085_1254818390021998_289713339764212141_n-150x150.jpg 150w, https:\/\/puntocometa.dev\/wp-content\/uploads\/2025\/11\/565833085_1254818390021998_289713339764212141_n-768x768.jpg 768w\" sizes=\"(max-width: 1095px) 100vw, 1095px\" title=\"\"><\/a>\n\t\t\t<\/dt><\/dl><br style=\"clear: both\" \/><dl class='gallery-item'>\n\t\t\t<dt class='gallery-icon landscape'>\n\t\t\t\t<a href='https:\/\/puntocometa.dev\/wp-content\/uploads\/2025\/11\/WhatsApp-Image-2025-10-21-at-18.50.44.jpeg'><img loading=\"lazy\" decoding=\"async\" width=\"1600\" height=\"1200\" src=\"https:\/\/puntocometa.dev\/wp-content\/uploads\/2025\/11\/WhatsApp-Image-2025-10-21-at-18.50.44.jpeg\" class=\"attachment-full size-full\" alt=\"-\" srcset=\"https:\/\/puntocometa.dev\/wp-content\/uploads\/2025\/11\/WhatsApp-Image-2025-10-21-at-18.50.44.jpeg 1600w, https:\/\/puntocometa.dev\/wp-content\/uploads\/2025\/11\/WhatsApp-Image-2025-10-21-at-18.50.44-300x225.jpeg 300w, https:\/\/puntocometa.dev\/wp-content\/uploads\/2025\/11\/WhatsApp-Image-2025-10-21-at-18.50.44-1024x768.jpeg 1024w, https:\/\/puntocometa.dev\/wp-content\/uploads\/2025\/11\/WhatsApp-Image-2025-10-21-at-18.50.44-768x576.jpeg 768w, https:\/\/puntocometa.dev\/wp-content\/uploads\/2025\/11\/WhatsApp-Image-2025-10-21-at-18.50.44-1536x1152.jpeg 1536w\" sizes=\"(max-width: 1600px) 100vw, 1600px\" title=\"\"><\/a>\n\t\t\t<\/dt><\/dl>\n\t\t\t<br style='clear: both' \/>\n\t\t<\/div>\n\n","protected":false},"excerpt":{"rendered":"<p>\u201c\u00c8 molto bello avere insieme tutti questi ragazzi e ragazze con disabilit\u00e0 come noi, per costruire un futuro migliore.\u201d \u2013 Chiara, cameriera al Pane di Sandro Marted\u00ec 21 ottobre 2025 siamo stati all\u2019Unesco Restaurant di Parigi, invitati dalla ministra per le disabilit\u00e0 Alessandra Locatelli all\u2019evento \u201cWork inclusion: Talents and Skills in Italian Cuisine\u201d insieme ad [&hellip;]<\/p>\n","protected":false},"author":15,"featured_media":40689,"comment_status":"open","ping_status":"open","sticky":false,"template":"","format":"standard","meta":{"_acf_changed":false,"give_campaign_id":0,"footnotes":""},"categories":[69],"tags":[140],"class_list":["post-40686","post","type-post","status-publish","format-standard","has-post-thumbnail","hentry","category-eventi","tag-lavoro"],"acf":[],"_links":{"self":[{"href":"https:\/\/puntocometa.dev\/de\/wp-json\/wp\/v2\/posts\/40686","targetHints":{"allow":["GET"]}}],"collection":[{"href":"https:\/\/puntocometa.dev\/de\/wp-json\/wp\/v2\/posts"}],"about":[{"href":"https:\/\/puntocometa.dev\/de\/wp-json\/wp\/v2\/types\/post"}],"author":[{"embeddable":true,"href":"https:\/\/puntocometa.dev\/de\/wp-json\/wp\/v2\/users\/15"}],"replies":[{"embeddable":true,"href":"https:\/\/puntocometa.dev\/de\/wp-json\/wp\/v2\/comments?post=40686"}],"version-history":[{"count":1,"href":"https:\/\/puntocometa.dev\/de\/wp-json\/wp\/v2\/posts\/40686\/revisions"}],"predecessor-version":[{"id":1007250,"href":"https:\/\/puntocometa.dev\/de\/wp-json\/wp\/v2\/posts\/40686\/revisions\/1007250"}],"wp:featuredmedia":[{"embeddable":true,"href":"https:\/\/puntocometa.dev\/de\/wp-json\/wp\/v2\/media\/40689"}],"wp:attachment":[{"href":"https:\/\/puntocometa.dev\/de\/wp-json\/wp\/v2\/media?parent=40686"}],"wp:term":[{"taxonomy":"category","embeddable":true,"href":"https:\/\/puntocometa.dev\/de\/wp-json\/wp\/v2\/categories?post=40686"},{"taxonomy":"post_tag","embeddable":true,"href":"https:\/\/puntocometa.dev\/de\/wp-json\/wp\/v2\/tags?post=40686"}],"curies":[{"name":"wp","href":"https:\/\/api.w.org\/{rel}","templated":true}]}}