{"id":40220,"date":"2025-10-06T11:30:31","date_gmt":"2025-10-06T09:30:31","guid":{"rendered":"https:\/\/puntocometa.dev\/?p=40220"},"modified":"2026-02-05T09:05:11","modified_gmt":"2026-02-05T08:05:11","slug":"edu-care-ii-curiamo-il-presente-dei-giovani","status":"publish","type":"post","link":"https:\/\/puntocometa.dev\/de\/edu-care-ii-curiamo-il-presente-dei-giovani\/","title":{"rendered":"EDU.CARE II \u2013 Curiamo il presente dei giovani"},"content":{"rendered":"<p><strong><em>Il progetto<\/em><\/strong><\/p>\n<p>Il progetto, giunto alla sua seconda annualit\u00e0, si propone di continuare a rispondere ai bisogni manifestati dai giovani della Provincia di Como e di Palermo che vivono una condizione di disagio sociale e di isolamento da istituzioni educative, formative e di protezione sociale come la Scuola. Attraverso il rafforzamento della partnership tra La Cometa SCS e Ass. Centro Studi Opera don Calabria, il progetto intende proseguire la sperimentazione di un modello di \u201cScuola Inclusiva\u201d che possa formare e rimotivare i giovani e contribuire alla loro occupabilit\u00e0 e avviamento alla vita adulta.<\/p>\n<p>Nello specifico, il progetto affronta il tema del supporto ai NEET e agli ELET affinch\u00e9 escano dalla loro condizione attraverso la formazione e l\u2019inserimento lavorativo in settori che offrono loro maggiore possibilit\u00e0 di occupazione. A tal fine, il progetto realizza per 195 giovani del territorio di Como e Palermo percorsi personalizzati di natura educativa e formativa, integrati da esperienze orientative afferenti a diversi ambiti (professionalizzanti, artistici, culturali) al fine di riaccendere nei beneficiari il senso di desiderio, motivazione e progettualit\u00e0 futura, favorendo la loro occupabilit\u00e0 e le loro possibilit\u00e0 di inserirsi in maniera qualificata nel mercato del lavoro. Per garantire una tenuta del lungo periodo dei percorsi intrapresi, il progetto prevede altres\u00ec momenti di capacity building degli educatori e formatori, nonch\u00e9 scambio di buone pratiche tra La Cometa SCS e l\u2019Associazione Centro Studi Opera don Calabria.<\/p>\n<p><strong><em>Obiettivo generale<\/em><\/strong><\/p>\n<p>Contribuire al contrasto del fenomeno degli ELET-NEET, nel Sud e Nord dell\u2019Italia, attraverso una rinnovata proposta formativa ed educativa che, coniugando personalizzazione e apprendimento esperienziale, sia in grado di formare, inserire nel mondo del lavoro e avviare alla vita adulta ragazzi che per diversi motivi (disagio, fragilit\u00e0 economico-sociali e personali) hanno abbandonato la scuola (o rischiano di farlo), e che possa contribuire appieno allo sviluppo del nostro Paese oltre che essere di ispirazione per altri contesti internazionali.<\/p>\n<p><em>A livello pi\u00f9 di sistema, il progetto si propone cos\u00ec di contribuire al raggiungimento dei seguenti SDGS:<\/em><\/p>\n<p><strong><em>Obiettivi specifici<\/em><\/strong><\/p>\n<ol>\n<li>Accompagnare e sostenere 105 ragazzi\/e nella ripresa e nella creazione di un futuro pensabile, personale e lavorativo attraverso la Scuola.<\/li>\n<li>Aumentare l\u2019occupabilit\u00e0 di almeno 85 beneficiari diretti e favorire il loro inserimento lavorativo.<\/li>\n<li>Approfondire conoscenze e sviluppare competenze dello staff di Ass. Centro Studi Opera don Calabria e La Cometa SCS che avranno cos\u00ec gli strumenti per comprendere i nuovi fenomeni, e supportare i giovani che esprimono nuove forme di disagio, erogando servizi\/attivit\u00e0 in linea con i fabbisogni espressi dal tessuto economico-sociale di riferimento.<\/li>\n<\/ol>\n<p>&nbsp;<\/p>\n<p>Si ringrazia il Fondo di Beneficenza ed opere di carattere sociale e culturale di Intesa Sanpaolo per il sostegno al progetto EDU.CARE II \u2013 Curiamo il presente dei giovani<\/p>\n\n\t\t<style>\n\t\t\t#gallery-1 {\n\t\t\t\tmargin: auto;\n\t\t\t}\n\t\t\t#gallery-1 .gallery-item {\n\t\t\t\tfloat: left;\n\t\t\t\tmargin-top: 10px;\n\t\t\t\ttext-align: center;\n\t\t\t\twidth: 33%;\n\t\t\t}\n\t\t\t#gallery-1 img {\n\t\t\t\tborder: 2px solid #cfcfcf;\n\t\t\t}\n\t\t\t#gallery-1 .gallery-caption {\n\t\t\t\tmargin-left: 0;\n\t\t\t}\n\t\t\t\/* see gallery_shortcode() in wp-includes\/media.php *\/\n\t\t<\/style>\n\t\t<div id='gallery-1' class='gallery galleryid-40220 gallery-columns-3 gallery-size-medium'><dl class='gallery-item'>\n\t\t\t<dt class='gallery-icon portrait'>\n\t\t\t\t<a href='https:\/\/puntocometa.dev\/wp-content\/uploads\/2025\/10\/3-9b7deaa2-scaled-1.jpg'><img fetchpriority=\"high\" decoding=\"async\" width=\"225\" height=\"300\" src=\"https:\/\/puntocometa.dev\/wp-content\/uploads\/2025\/10\/3-9b7deaa2-scaled-1-225x300.jpg\" class=\"attachment-medium size-medium\" alt=\"-\" srcset=\"https:\/\/puntocometa.dev\/wp-content\/uploads\/2025\/10\/3-9b7deaa2-scaled-1-225x300.jpg 225w, https:\/\/puntocometa.dev\/wp-content\/uploads\/2025\/10\/3-9b7deaa2-scaled-1-768x1024.jpg 768w, https:\/\/puntocometa.dev\/wp-content\/uploads\/2025\/10\/3-9b7deaa2-scaled-1-1152x1536.jpg 1152w, https:\/\/puntocometa.dev\/wp-content\/uploads\/2025\/10\/3-9b7deaa2-scaled-1-1536x2048.jpg 1536w, https:\/\/puntocometa.dev\/wp-content\/uploads\/2025\/10\/3-9b7deaa2-scaled-1.jpg 1920w\" sizes=\"(max-width: 225px) 100vw, 225px\" title=\"\"><\/a>\n\t\t\t<\/dt><\/dl><dl class='gallery-item'>\n\t\t\t<dt class='gallery-icon portrait'>\n\t\t\t\t<a href='https:\/\/puntocometa.dev\/wp-content\/uploads\/2025\/10\/2-9b7deaa2-1-scaled-1.jpg'><img decoding=\"async\" width=\"225\" height=\"300\" src=\"https:\/\/puntocometa.dev\/wp-content\/uploads\/2025\/10\/2-9b7deaa2-1-scaled-1-225x300.jpg\" class=\"attachment-medium size-medium\" alt=\"-\" srcset=\"https:\/\/puntocometa.dev\/wp-content\/uploads\/2025\/10\/2-9b7deaa2-1-scaled-1-225x300.jpg 225w, https:\/\/puntocometa.dev\/wp-content\/uploads\/2025\/10\/2-9b7deaa2-1-scaled-1-768x1024.jpg 768w, https:\/\/puntocometa.dev\/wp-content\/uploads\/2025\/10\/2-9b7deaa2-1-scaled-1-1152x1536.jpg 1152w, https:\/\/puntocometa.dev\/wp-content\/uploads\/2025\/10\/2-9b7deaa2-1-scaled-1-1536x2048.jpg 1536w, https:\/\/puntocometa.dev\/wp-content\/uploads\/2025\/10\/2-9b7deaa2-1-scaled-1.jpg 1920w\" sizes=\"(max-width: 225px) 100vw, 225px\" title=\"\"><\/a>\n\t\t\t<\/dt><\/dl><dl class='gallery-item'>\n\t\t\t<dt class='gallery-icon landscape'>\n\t\t\t\t<a href='https:\/\/puntocometa.dev\/wp-content\/uploads\/2025\/10\/1-9b7deaa2-scaled-1.jpg'><img decoding=\"async\" width=\"300\" height=\"225\" src=\"https:\/\/puntocometa.dev\/wp-content\/uploads\/2025\/10\/1-9b7deaa2-scaled-1-300x225.jpg\" class=\"attachment-medium size-medium\" alt=\"-\" srcset=\"https:\/\/puntocometa.dev\/wp-content\/uploads\/2025\/10\/1-9b7deaa2-scaled-1-300x225.jpg 300w, https:\/\/puntocometa.dev\/wp-content\/uploads\/2025\/10\/1-9b7deaa2-scaled-1-1024x768.jpg 1024w, https:\/\/puntocometa.dev\/wp-content\/uploads\/2025\/10\/1-9b7deaa2-scaled-1-768x576.jpg 768w, https:\/\/puntocometa.dev\/wp-content\/uploads\/2025\/10\/1-9b7deaa2-scaled-1-1536x1152.jpg 1536w, https:\/\/puntocometa.dev\/wp-content\/uploads\/2025\/10\/1-9b7deaa2-scaled-1-2048x1536.jpg 2048w\" sizes=\"(max-width: 300px) 100vw, 300px\" title=\"\"><\/a>\n\t\t\t<\/dt><\/dl><br style=\"clear: both\" \/>\n\t\t<\/div>\n\n","protected":false},"excerpt":{"rendered":"<p>Il progetto Il progetto, giunto alla sua seconda annualit\u00e0, si propone di continuare a rispondere ai bisogni manifestati dai giovani della Provincia di Como e di Palermo che vivono una condizione di disagio sociale e di isolamento da istituzioni educative, formative e di protezione sociale come la Scuola. Attraverso il rafforzamento della partnership tra La [&hellip;]<\/p>\n","protected":false},"author":15,"featured_media":40222,"comment_status":"open","ping_status":"open","sticky":false,"template":"","format":"standard","meta":{"_acf_changed":false,"give_campaign_id":0,"footnotes":""},"categories":[285],"tags":[170],"class_list":["post-40220","post","type-post","status-publish","format-standard","has-post-thumbnail","hentry","category-news-progetti","tag-educazione"],"acf":[],"_links":{"self":[{"href":"https:\/\/puntocometa.dev\/de\/wp-json\/wp\/v2\/posts\/40220","targetHints":{"allow":["GET"]}}],"collection":[{"href":"https:\/\/puntocometa.dev\/de\/wp-json\/wp\/v2\/posts"}],"about":[{"href":"https:\/\/puntocometa.dev\/de\/wp-json\/wp\/v2\/types\/post"}],"author":[{"embeddable":true,"href":"https:\/\/puntocometa.dev\/de\/wp-json\/wp\/v2\/users\/15"}],"replies":[{"embeddable":true,"href":"https:\/\/puntocometa.dev\/de\/wp-json\/wp\/v2\/comments?post=40220"}],"version-history":[{"count":1,"href":"https:\/\/puntocometa.dev\/de\/wp-json\/wp\/v2\/posts\/40220\/revisions"}],"predecessor-version":[{"id":1006283,"href":"https:\/\/puntocometa.dev\/de\/wp-json\/wp\/v2\/posts\/40220\/revisions\/1006283"}],"wp:featuredmedia":[{"embeddable":true,"href":"https:\/\/puntocometa.dev\/de\/wp-json\/wp\/v2\/media\/40222"}],"wp:attachment":[{"href":"https:\/\/puntocometa.dev\/de\/wp-json\/wp\/v2\/media?parent=40220"}],"wp:term":[{"taxonomy":"category","embeddable":true,"href":"https:\/\/puntocometa.dev\/de\/wp-json\/wp\/v2\/categories?post=40220"},{"taxonomy":"post_tag","embeddable":true,"href":"https:\/\/puntocometa.dev\/de\/wp-json\/wp\/v2\/tags?post=40220"}],"curies":[{"name":"wp","href":"https:\/\/api.w.org\/{rel}","templated":true}]}}