{"id":3893,"date":"2014-04-09T11:45:51","date_gmt":"2014-04-09T09:45:51","guid":{"rendered":"https:\/\/puntocometa.dev\/?p=3893"},"modified":"2014-04-09T11:45:51","modified_gmt":"2014-04-09T09:45:51","slug":"cometa-al-fuorisalone-2014","status":"publish","type":"post","link":"https:\/\/puntocometa.dev\/de\/cometa-al-fuorisalone-2014\/","title":{"rendered":"Cometa al Fuorisalone 2014"},"content":{"rendered":"<p><strong>Venite a trovarci dalle ore 18.00<\/strong> presso la<strong> Galleria Rubin<\/strong> in <strong>Via Santa Marta 10 a Milano.<\/strong> Inaugurazione della mostra &#8222;<strong>Mobili d&#8217;autore<\/strong>&#8222;.<\/p>\n<p>La galleria, insieme a <a href=\"https:\/\/puntocometa.dev\/cosa-facciamo\/scuola-e-formazione\/contrada-degli-artigiani\/\" target=\"_blank\" rel=\"noopener noreferrer\"><strong>Contrada degli Artigiani di Como<\/strong><\/a> ha creato mobili d&#8217;autore, frutto della collaborazione del designer Erasmo Figini con gli artisti Mattia Bosco, Letizia Fornasieri ed Elisabetta Tagliabue.<br \/>\nPrincipale finalit\u00e0 della mostra \u00e8 mettere in moto meccanismi che consentano una condivisione della creativit\u00e0, valorizzando al contempo l&#8217;attivit\u00e0 educativa e sociale.<\/p>\n<p><strong>Scopri<\/strong> la <a href=\"https:\/\/puntocometa.dev\/news-e-eventi\/progetti-cometa\/progetto-fuorisalone-2014\/\" target=\"_blank\" rel=\"noopener noreferrer\">storia del Progetto<\/a>: <strong>4 sedie (pezzi unici)<\/strong> creati dai ragazzi della Contrada degli Artigiani<\/p>\n","protected":false},"excerpt":{"rendered":"<p>Venite a trovarci dalle ore 18.00 presso la Galleria Rubin in Via Santa Marta 10 a Milano. Inaugurazione della mostra &#8222;Mobili d&#8217;autore&#8222;. La galleria, insieme a Contrada degli Artigiani di Como ha creato mobili d&#8217;autore, frutto della collaborazione del designer Erasmo Figini con gli artisti Mattia Bosco, Letizia Fornasieri ed Elisabetta Tagliabue. Principale finalit\u00e0 della [&hellip;]<\/p>\n","protected":false},"author":10,"featured_media":3517,"comment_status":"open","ping_status":"open","sticky":false,"template":"","format":"standard","meta":{"_acf_changed":false,"give_campaign_id":0,"footnotes":""},"categories":[122],"tags":[151,394,428],"class_list":["post-3893","post","type-post","status-publish","format-standard","has-post-thumbnail","hentry","category-news","tag-contrada","tag-bottega","tag-legno"],"acf":[],"_links":{"self":[{"href":"https:\/\/puntocometa.dev\/de\/wp-json\/wp\/v2\/posts\/3893","targetHints":{"allow":["GET"]}}],"collection":[{"href":"https:\/\/puntocometa.dev\/de\/wp-json\/wp\/v2\/posts"}],"about":[{"href":"https:\/\/puntocometa.dev\/de\/wp-json\/wp\/v2\/types\/post"}],"author":[{"embeddable":true,"href":"https:\/\/puntocometa.dev\/de\/wp-json\/wp\/v2\/users\/10"}],"replies":[{"embeddable":true,"href":"https:\/\/puntocometa.dev\/de\/wp-json\/wp\/v2\/comments?post=3893"}],"version-history":[{"count":0,"href":"https:\/\/puntocometa.dev\/de\/wp-json\/wp\/v2\/posts\/3893\/revisions"}],"wp:attachment":[{"href":"https:\/\/puntocometa.dev\/de\/wp-json\/wp\/v2\/media?parent=3893"}],"wp:term":[{"taxonomy":"category","embeddable":true,"href":"https:\/\/puntocometa.dev\/de\/wp-json\/wp\/v2\/categories?post=3893"},{"taxonomy":"post_tag","embeddable":true,"href":"https:\/\/puntocometa.dev\/de\/wp-json\/wp\/v2\/tags?post=3893"}],"curies":[{"name":"wp","href":"https:\/\/api.w.org\/{rel}","templated":true}]}}