{"id":38841,"date":"2025-06-17T10:08:35","date_gmt":"2025-06-17T08:08:35","guid":{"rendered":"https:\/\/puntocometa.dev\/?p=38841"},"modified":"2025-06-17T10:08:35","modified_gmt":"2025-06-17T08:08:35","slug":"adolfo-berdun-una-storia-di-sport-e-di-vita","status":"publish","type":"post","link":"https:\/\/puntocometa.dev\/de\/adolfo-berdun-una-storia-di-sport-e-di-vita\/","title":{"rendered":"Adolfo Berdun: una storia di sport e di vita"},"content":{"rendered":"<p><span data-contrast=\"auto\">Ci sono incontri che possono cambiare il modo in cui vediamo il mondo, e storie capaci di ispirarci e renderci migliori.<\/span><br \/>\n<span data-contrast=\"auto\">Una di queste \u00e8 stata per gli atleti della Cometa ASD, quella di Adolfo Berdun.<\/span><span data-ccp-props=\"{}\">\u00a0<\/span><\/p>\n<p><span data-contrast=\"auto\">Campione italo-argentino di basket in carrozzina, oggi guardia della Briantea84, Adolfo ha costruito un\u2019importante carriera. Prima di approdare a Cant\u00f9, ha conquistato numerosi titoli con diverse squadre italiane: 6 scudetti, 9 Coppe Italia e 11 Supercoppe, a cui si aggiungono le medaglie vinte con la nazionale argentina, di cui \u00e8 anche capitano.<\/span><span data-ccp-props=\"{}\">\u00a0<\/span><\/p>\n<p><span data-contrast=\"auto\">Adolfo si \u00e8 reso disponibile ad incontrare i giovani atleti di Cometa ASD, de \u201cIl Carro\u201d e di \u201cTukiki\u201d, condividendo con loro il racconto della sua vita e della sua passione per il basket. Una passione nata dopo un incidente stradale avvenuto all\u2019et\u00e0 di 13 anni, ritrovandosi presto in carrozzina, dopo essere riuscito a salvare la sorella.\u00a0<\/span><span data-ccp-props=\"{}\">\u00a0<\/span><span data-contrast=\"auto\">Ma la sua determinazione ha avuto la meglio. Proprio vicino a casa c\u2019era un campo da basket, e da l\u00ec \u00e8 iniziato il sogno di diventare un giocatore professionista.<\/span><br \/>\n<span data-contrast=\"auto\">Dopo gli esordi in Argentina, ha girato l\u2019Italia raccogliendo tanti successi sportivi, diventando un punto di riferimento per il basket nazionale.<\/span><span data-ccp-props=\"{}\">\u00a0<\/span><\/p>\n<p><span data-contrast=\"auto\">Oggi, a 43 anni, \u00e8 padre di tre figli e, con la sensibilit\u00e0 di chi sa ascoltare, ha risposto alle domande delle ragazze e dei ragazzi presenti, raccontando cosa significhi diventare un vero campione. Adolfo ha ricordato ai ragazzi come \u201cquattro allenamenti a settimana e tanto lavoro in palestra non sono abbastanza: serve anche un grande lavoro sulla testa.&#8220; Ma soprattutto, ha sottolineato che &#8222;tante volte ho sbagliato e avrei potuto fare le cose diversamente, ma non ho mai mollato e ho sempre cercato di migliorarmi. La cosa importante \u00e8 che proviate a fare quello che vi piace, insistendo non una volta, non due, ma sempre!&#8220;<\/span><span data-ccp-props=\"{}\">\u00a0<\/span><\/p>\n<p><span data-contrast=\"auto\">Ha parlato anche del suo ruolo di capitano della nazionale argentina: &#8222;Un ruolo importante per il quale sono stato scelto dai compagni e dall\u2019allenatore. Ho il compito fondamentale di essere un supporto per i miei compagni nei momenti di difficolt\u00e0, ma soprattutto di essere un buon esempio e un leader dentro e fuori dal campo.&#8220;<\/span><span data-ccp-props=\"{}\">\u00a0<\/span><\/p>\n<p><span data-contrast=\"auto\">Adolfo \u00e8 un campione perch\u00e9 ha vinto tanto. Ma soprattutto, perch\u00e9 ha saputo diventare un modello positivo per tanti giovani, dimostrando che non \u00e8 la carrozzina a definirlo, ma il suo talento, il suo carattere e la sua voglia di non arrendersi mai.<\/span><span data-ccp-props=\"{}\">\u00a0<\/span><\/p>\n<p><span data-contrast=\"auto\">Questo incontro \u00e8 stato reso possibile grazie al progetto \u201cUn gioco da ragazzi\u201d, sostenuto da<\/span> <span data-contrast=\"auto\"><strong>Fondazione Provinciale della Comunit\u00e0 Comasca<\/strong>.<\/span><span data-ccp-props=\"{}\"> \u00a0<\/span><\/p>\n<p>&nbsp;<\/p>\n\n","protected":false},"excerpt":{"rendered":"<p>Ci sono incontri che possono cambiare il modo in cui vediamo il mondo, e storie capaci di ispirarci e renderci migliori. Una di queste \u00e8 stata per gli atleti della Cometa ASD, quella di Adolfo Berdun.\u00a0 Campione italo-argentino di basket in carrozzina, oggi guardia della Briantea84, Adolfo ha costruito un\u2019importante carriera. Prima di approdare a [&hellip;]<\/p>\n","protected":false},"author":13,"featured_media":38829,"comment_status":"open","ping_status":"open","sticky":false,"template":"","format":"standard","meta":{"_acf_changed":false,"give_campaign_id":0,"footnotes":""},"categories":[122],"tags":[170],"class_list":["post-38841","post","type-post","status-publish","format-standard","has-post-thumbnail","hentry","category-news","tag-educazione"],"acf":[],"_links":{"self":[{"href":"https:\/\/puntocometa.dev\/de\/wp-json\/wp\/v2\/posts\/38841","targetHints":{"allow":["GET"]}}],"collection":[{"href":"https:\/\/puntocometa.dev\/de\/wp-json\/wp\/v2\/posts"}],"about":[{"href":"https:\/\/puntocometa.dev\/de\/wp-json\/wp\/v2\/types\/post"}],"author":[{"embeddable":true,"href":"https:\/\/puntocometa.dev\/de\/wp-json\/wp\/v2\/users\/13"}],"replies":[{"embeddable":true,"href":"https:\/\/puntocometa.dev\/de\/wp-json\/wp\/v2\/comments?post=38841"}],"version-history":[{"count":0,"href":"https:\/\/puntocometa.dev\/de\/wp-json\/wp\/v2\/posts\/38841\/revisions"}],"wp:featuredmedia":[{"embeddable":true,"href":"https:\/\/puntocometa.dev\/de\/wp-json\/wp\/v2\/media\/38829"}],"wp:attachment":[{"href":"https:\/\/puntocometa.dev\/de\/wp-json\/wp\/v2\/media?parent=38841"}],"wp:term":[{"taxonomy":"category","embeddable":true,"href":"https:\/\/puntocometa.dev\/de\/wp-json\/wp\/v2\/categories?post=38841"},{"taxonomy":"post_tag","embeddable":true,"href":"https:\/\/puntocometa.dev\/de\/wp-json\/wp\/v2\/tags?post=38841"}],"curies":[{"name":"wp","href":"https:\/\/api.w.org\/{rel}","templated":true}]}}