{"id":38441,"date":"2025-05-19T12:46:43","date_gmt":"2025-05-19T10:46:43","guid":{"rendered":"https:\/\/puntocometa.dev\/?p=38441"},"modified":"2025-05-19T12:46:43","modified_gmt":"2025-05-19T10:46:43","slug":"cometa-alle-nazioni-unite-per-la-conferenza-sui-diritti-delle-persone-con-disabilita","status":"publish","type":"post","link":"https:\/\/puntocometa.dev\/de\/cometa-alle-nazioni-unite-per-la-conferenza-sui-diritti-delle-persone-con-disabilita\/","title":{"rendered":"COMETA ALLE NAZIONI UNITE PER LA CONFERENZA SUI DIRITTI DELLE PERSONE CON DISABILIT\u00c0\u00a0"},"content":{"rendered":"<p><span data-contrast=\"auto\">L\u201911 giugno saremo a New York presso la sede delle Nazioni Unite per partecipare alla diciottesima Conferenza annuale sui Diritti delle Persone con Disabilit\u00e0.<\/span><span data-ccp-props=\"{&quot;134233117&quot;:false,&quot;134233118&quot;:false,&quot;335559738&quot;:240,&quot;335559739&quot;:240}\">\u00a0<\/span><\/p>\n<p><span data-contrast=\"auto\">L\u2019incontro sar\u00e0 una preziosa occasione per valutare e riflettere sui progressi nell&#8217;attuazione dei diritti delle persone con disabilit\u00e0 e per promuovere politiche inclusive a livello globale.<\/span><span data-ccp-props=\"{&quot;134233117&quot;:false,&quot;134233118&quot;:false,&quot;335559738&quot;:240,&quot;335559739&quot;:240}\">\u00a0<\/span><\/p>\n<p><span data-contrast=\"auto\">Insieme ad Alessandro e Samuele, impiegati a Spazio Anagramma e Il Pane di Sandro, incontreremo altre associazioni e racconteremo ci\u00f2 che ogni giorno accade nei luoghi di lavoro di Cometa in cui sono impiegate persone con disabilit\u00e0, condividendo la nostra esperienza e la nostra consapevolezza del valore aggiunto portato dall\u2019unicit\u00e0 e l\u2019originalit\u00e0 di ciascuno, sia all\u2019ambiente lavorativo che alla societ\u00e0.<\/span><span data-ccp-props=\"{&quot;134233117&quot;:false,&quot;134233118&quot;:false,&quot;335559738&quot;:240,&quot;335559739&quot;:240}\">\u00a0<\/span><\/p>\n<p><span data-contrast=\"auto\">Ringraziamo per l&#8217;opportunit\u00e0 il ministro per le disabilit\u00e0 Alessandra Locatelli che ha coinvolto Cometa e altre realt\u00e0 sociali italiane in questa occasione di dialogo e confronto internazionale.<\/span><span data-ccp-props=\"{&quot;134233117&quot;:false,&quot;134233118&quot;:false,&quot;335559738&quot;:240,&quot;335559739&quot;:240}\">\u00a0<\/span><\/p>\n","protected":false},"excerpt":{"rendered":"<p>L\u201911 giugno saremo a New York presso la sede delle Nazioni Unite per partecipare alla diciottesima Conferenza annuale sui Diritti delle Persone con Disabilit\u00e0.\u00a0 L\u2019incontro sar\u00e0 una preziosa occasione per valutare e riflettere sui progressi nell&#8217;attuazione dei diritti delle persone con disabilit\u00e0 e per promuovere politiche inclusive a livello globale.\u00a0 Insieme ad Alessandro e Samuele, [&hellip;]<\/p>\n","protected":false},"author":15,"featured_media":38533,"comment_status":"open","ping_status":"open","sticky":false,"template":"","format":"standard","meta":{"_acf_changed":false,"give_campaign_id":0,"footnotes":""},"categories":[122],"tags":[140],"class_list":["post-38441","post","type-post","status-publish","format-standard","has-post-thumbnail","hentry","category-news","tag-lavoro"],"acf":[],"_links":{"self":[{"href":"https:\/\/puntocometa.dev\/de\/wp-json\/wp\/v2\/posts\/38441","targetHints":{"allow":["GET"]}}],"collection":[{"href":"https:\/\/puntocometa.dev\/de\/wp-json\/wp\/v2\/posts"}],"about":[{"href":"https:\/\/puntocometa.dev\/de\/wp-json\/wp\/v2\/types\/post"}],"author":[{"embeddable":true,"href":"https:\/\/puntocometa.dev\/de\/wp-json\/wp\/v2\/users\/15"}],"replies":[{"embeddable":true,"href":"https:\/\/puntocometa.dev\/de\/wp-json\/wp\/v2\/comments?post=38441"}],"version-history":[{"count":0,"href":"https:\/\/puntocometa.dev\/de\/wp-json\/wp\/v2\/posts\/38441\/revisions"}],"wp:featuredmedia":[{"embeddable":true,"href":"https:\/\/puntocometa.dev\/de\/wp-json\/wp\/v2\/media\/38533"}],"wp:attachment":[{"href":"https:\/\/puntocometa.dev\/de\/wp-json\/wp\/v2\/media?parent=38441"}],"wp:term":[{"taxonomy":"category","embeddable":true,"href":"https:\/\/puntocometa.dev\/de\/wp-json\/wp\/v2\/categories?post=38441"},{"taxonomy":"post_tag","embeddable":true,"href":"https:\/\/puntocometa.dev\/de\/wp-json\/wp\/v2\/tags?post=38441"}],"curies":[{"name":"wp","href":"https:\/\/api.w.org\/{rel}","templated":true}]}}