{"id":37938,"date":"2024-09-25T14:12:17","date_gmt":"2024-09-25T12:12:17","guid":{"rendered":"https:\/\/puntocometa.dev\/?p=37938"},"modified":"2026-02-05T09:05:12","modified_gmt":"2026-02-05T08:05:12","slug":"dispersi-oggi-disperanza-domani","status":"publish","type":"post","link":"https:\/\/puntocometa.dev\/de\/dispersi-oggi-disperanza-domani\/","title":{"rendered":"DISPERSI Oggi, diSPERANZA Domani &#8211; Percorsi personalizzati di accompagnamento alla vita adulta per giovani in dispersione scolastica"},"content":{"rendered":"<p><strong><span style=\"color: #d4912c;\">IL PROGETTO<\/span><\/strong><\/p>\n<p style=\"font-weight: 400;\">Il progetto ha contribuito a rispondere al <strong>fenomeno della dispersione scolastica <\/strong>sul <strong>territorio provinciale di Como <\/strong>rinnovando il percorso formativo del \u201c<strong>Liceo del Lavoro\u201d della Scuola Oliver Twist<\/strong>. Grazie al progetto, \u00e8 stato possibile accompagnare <strong>45 ragazzi <\/strong>(<strong>15 all\u2019anno<\/strong>) tra i 14 e i 18 anni che si trovano in dispersione scolastica, e\/o con un passato di abbandono scolastico, e\/o in situazione di significative difficolt\u00e0 sociali e personali, nella ripresa e nella creazione di un futuro pensabile, personale e lavorativo attraverso percorsi personalizzati e flessibili in grado di riaccendere il senso di desiderio, motivazione e realizzazione che possa garantire risultati duraturi nel tempo.<\/p>\n<p style=\"font-weight: 400;\">Grazie al sostegno di Fondazione San Zeno \u00e8 stato possibile integrare, per i beneficiari, delle attivit\u00e0 integrative all\u2019offerta formativa (ad es. laboratori, attivit\u00e0 sportive, azioni di cittadinanza attiva) che hanno restituito ai ragazzi\/e quel senso di socialit\u00e0 e cura del bene comune che \u00e8 propedeutico alla cura di s\u00e9 e dello spazio in cui si vive.<\/p>\n<p style=\"font-weight: 400;\">Per lo staff educativo e formativo, il progetto ha inoltre consentito l\u2019attivazione di un percorso formativo e di supervisione teso a potenziare il proprio bagaglio di conoscenze e competenze utili a rispondere al meglio ai nuovi bisogni espressi dai ragazzi.<\/p>\n<p><strong><span style=\"color: #d4912c;\">DURATA<br \/>\n<\/span><\/strong><\/p>\n<p>Luglio 2022 \u2013 giugno 2025<\/p>\n<p>&nbsp;<\/p>\n<hr \/>\n<p data-ccp-border-bottom=\"0px none #000000\" data-ccp-padding-bottom=\"0px\" data-ccp-border-between=\"0px none #000000\" data-ccp-padding-between=\"0px\"><em><strong><span style=\"color: #d4912c;\">Sostenuto da:<br \/>\n<\/span><\/strong><\/em>Fondazione San Zeno<\/p>\n<p><a href=\"https:\/\/www.fondazionesanzeno.org\" rel=\"nofollow noopener\" target=\"_blank\"><img decoding=\"async\" class=\"alignnone wp-image-37935\" src=\"https:\/\/puntocometa.dev\/wp-content\/uploads\/2025\/02\/Fondazione-San-Zeno.png\" alt=\"-\" width=\"394\" height=\"48\" title=\"\"><\/a><\/p>\n<p data-ccp-border-bottom=\"0px none #000000\" data-ccp-padding-bottom=\"0px\" data-ccp-border-between=\"0px none #000000\" data-ccp-padding-between=\"0px\">\n","protected":false},"excerpt":{"rendered":"<p>IL PROGETTO Il progetto ha contribuito a rispondere al fenomeno della dispersione scolastica sul territorio provinciale di Como rinnovando il percorso formativo del \u201cLiceo del Lavoro\u201d della Scuola Oliver Twist. Grazie al progetto, \u00e8 stato possibile accompagnare 45 ragazzi (15 all\u2019anno) tra i 14 e i 18 anni che si trovano in dispersione scolastica, e\/o [&hellip;]<\/p>\n","protected":false},"author":13,"featured_media":37942,"comment_status":"open","ping_status":"open","sticky":false,"template":"","format":"standard","meta":{"_acf_changed":false,"give_campaign_id":0,"footnotes":""},"categories":[285],"tags":[170],"class_list":["post-37938","post","type-post","status-publish","format-standard","has-post-thumbnail","hentry","category-news-progetti","tag-educazione"],"acf":[],"_links":{"self":[{"href":"https:\/\/puntocometa.dev\/de\/wp-json\/wp\/v2\/posts\/37938","targetHints":{"allow":["GET"]}}],"collection":[{"href":"https:\/\/puntocometa.dev\/de\/wp-json\/wp\/v2\/posts"}],"about":[{"href":"https:\/\/puntocometa.dev\/de\/wp-json\/wp\/v2\/types\/post"}],"author":[{"embeddable":true,"href":"https:\/\/puntocometa.dev\/de\/wp-json\/wp\/v2\/users\/13"}],"replies":[{"embeddable":true,"href":"https:\/\/puntocometa.dev\/de\/wp-json\/wp\/v2\/comments?post=37938"}],"version-history":[{"count":1,"href":"https:\/\/puntocometa.dev\/de\/wp-json\/wp\/v2\/posts\/37938\/revisions"}],"predecessor-version":[{"id":1006296,"href":"https:\/\/puntocometa.dev\/de\/wp-json\/wp\/v2\/posts\/37938\/revisions\/1006296"}],"wp:featuredmedia":[{"embeddable":true,"href":"https:\/\/puntocometa.dev\/de\/wp-json\/wp\/v2\/media\/37942"}],"wp:attachment":[{"href":"https:\/\/puntocometa.dev\/de\/wp-json\/wp\/v2\/media?parent=37938"}],"wp:term":[{"taxonomy":"category","embeddable":true,"href":"https:\/\/puntocometa.dev\/de\/wp-json\/wp\/v2\/categories?post=37938"},{"taxonomy":"post_tag","embeddable":true,"href":"https:\/\/puntocometa.dev\/de\/wp-json\/wp\/v2\/tags?post=37938"}],"curies":[{"name":"wp","href":"https:\/\/api.w.org\/{rel}","templated":true}]}}