{"id":37383,"date":"2024-12-11T10:32:39","date_gmt":"2024-12-11T09:32:39","guid":{"rendered":"https:\/\/puntocometa.dev\/?p=37383"},"modified":"2026-02-05T09:05:12","modified_gmt":"2026-02-05T08:05:12","slug":"mani-in_pasta","status":"publish","type":"post","link":"https:\/\/puntocometa.dev\/de\/mani-in_pasta\/","title":{"rendered":"mani IN pasta &#8211; Opportunit\u00e0 di inclusione lavorativa per giovani con disabilit\u00e0"},"content":{"rendered":"<p><strong><span style=\"color: #d4912c;\">IL PROGETTO<\/span><\/strong><\/p>\n<p><span class=\"Apple-converted-space\">\u00a0<\/span>Il progetto \u201c<strong>mani IN pasta<\/strong>\u201d nasce dal bisogno di ridurre <strong>l\u2019isolamento sociale, lavorativo e relazionale<\/strong> di <strong>giovani<\/strong> con <strong>disabilit\u00e0<\/strong> della provincia di Como, fornendo loro <strong>un\u2019opportunit\u00e0 lavorativa concreta<\/strong> che incrementi i <strong>livelli di benessere e di autonomia di ciascuno<\/strong>.<b><\/b><\/p>\n<p>A pi\u00f9 di vent&#8217;anni dall&#8217;entrata in vigore della L. 68\/99 sul collocamento mirato, il bilancio sull&#8216;<strong>inserimento lavorativo di persone con disabilit\u00e0 in Italia<\/strong> si presenta ancora critico. Si registra infatti una <strong>mancanza di idee, strumenti e professionalit\u00e0<\/strong> adeguate a progettare e <strong>gestire i percorsi personalizzati di accompagnamento<\/strong> al lavoro, indispensabili per garantire il successo personale e professionale delle persone con disabilita\u0300.<\/p>\n<p>Grazie al progetto <strong>\u201cmani IN pasta\u201d<\/strong>, <strong>i giovani con disabilit\u00e0<\/strong> della provincia di Como avranno l&#8217;opportunit\u00e0 di intraprendere percorsi di inserimento e accompagnamento lavorativo presso <strong>\u201cIl Pane di Sandro\u201d<\/strong>.<span class=\"Apple-converted-space\">\u00a0<\/span><\/p>\n<p><strong><span style=\"color: #d4912c;\">I NOSTRI OBIETTIVI&#8230;<\/span><\/strong><\/p>\n<ul>\n<li>Garantire la <strong>continuit\u00e0 lavorativa di giovani con disabilit\u00e0<\/strong>, attraverso la definizione di un <strong>percorso professionale mirato<\/strong>, che permetta loro di consolidare e mantenere le competenze e abilit\u00e0 gi\u00e0 in essere e potenziando quelle deficitarie.<span class=\"Apple-converted-space\">\u00a0<\/span><\/li>\n<li>Sviluppare <strong>competenze personali e trasversali<\/strong> nei giovani con disabilit\u00e0, che permettano loro di <strong>affrontare, oltre al mondo del lavoro, anche la propria quotidianit\u00e0<\/strong>, come la cura di s\u00e9, l\u2019ordine, la pulizia dei luoghi e il problem solving.<span class=\"Apple-converted-space\">\u00a0<\/span><\/li>\n<li>Sperimentare e adottare un <strong>modello educativo-pedagogico<\/strong> adatto a tutti, identificando facilitatori ambientali, digitali e comunicativi e approcci specifici alle singole mansioni.<span class=\"Apple-converted-space\">\u00a0<\/span><\/li>\n<\/ul>\n<p><strong><span style=\"color: #d4912c;\">&#8230;IN RISPOSTA A OBIETTIVI COMUNI<\/span><\/strong><\/p>\n<p><strong><span style=\"color: #d4912c;\"><img decoding=\"async\" class=\"alignnone wp-image-37385\" src=\"https:\/\/puntocometa.dev\/wp-content\/uploads\/2024\/12\/maniINpasta_SitowebCometa.jpg\" alt=\"-\" width=\"242\" height=\"116\" title=\"\"><\/span><\/strong><\/p>\n<p>&nbsp;<\/p>\n<p><strong><span style=\"color: #d4912c;\">LE ATTIVIT\u00c0<\/span><\/strong><\/p>\n<p><span class=\"Apple-converted-space\">\u00a0<\/span>I giovani saranno accompagnati con un percorso individualizzato grazie all\u2019utilizzo di <strong>strumenti specifici pedagogici e facilitatori comunicativi ed esecutivi<\/strong> che tengono conto delle loro potenzialit\u00e0, desideri, capacit\u00e0 e possibilit\u00e0 di miglioramento, sviluppando tutte le <strong>competenze che serviranno loro per poter affrontare il mondo del lavoro<\/strong>.<b><\/b><\/p>\n<p>Nel corso del progetto \u00e8 previsto inoltre l\u2019inserimento di un <strong>tutor lavorativo<\/strong> che si occuper\u00e0 di osservare e valutare attraverso l\u2019esperienza pratica, e laddove necessario l\u2019affiancamento durante i turni di lavoro, i percorsi di <strong>accompagnamento lavorativo di altri 20 giovani con disabilit\u00e0<\/strong>, inseriti nei luoghi di lavoro de La Cometa SCS.<span class=\"Apple-converted-space\">\u00a0<\/span><\/p>\n<p>Questo percorso sar\u00e0 <strong>un\u2019occasione di crescita e di formazione<\/strong> anche per le figure dello staff e favorir\u00e0 nei giovani con disabilit\u00e0 lo <strong>sviluppo di autonomie e soft skills<\/strong> oltre che <strong>competenze professionali e talenti, spendibili nei diversi contesti di vita<\/strong>.<span class=\"Apple-converted-space\">\u00a0<\/span><\/p>\n<p>&nbsp;<\/p>\n<hr \/>\n<p data-ccp-border-bottom=\"0px none #000000\" data-ccp-padding-bottom=\"0px\" data-ccp-border-between=\"0px none #000000\" data-ccp-padding-between=\"0px\"><em><strong><span style=\"color: #d4912c;\">Con il contributo di:<br \/>\n<\/span><\/strong><\/em>Fondazione Intesa Sanpaolo Ente Filantropico<\/p>\n<p data-ccp-border-bottom=\"0px none #000000\" data-ccp-padding-bottom=\"0px\" data-ccp-border-between=\"0px none #000000\" data-ccp-padding-between=\"0px\"><em><strong><span style=\"color: #d4912c;\"><img decoding=\"async\" class=\"alignnone wp-image-37388\" src=\"https:\/\/puntocometa.dev\/wp-content\/uploads\/2024\/12\/LOGO-Ente-Filantropico_def.jpg\" alt=\"-\" width=\"323\" height=\"117\" title=\"\"><\/span><\/strong><\/em><\/p>\n<p data-ccp-border-bottom=\"0px none #000000\" data-ccp-padding-bottom=\"0px\" data-ccp-border-between=\"0px none #000000\" data-ccp-padding-between=\"0px\">\n","protected":false},"excerpt":{"rendered":"<p>IL PROGETTO \u00a0Il progetto \u201cmani IN pasta\u201d nasce dal bisogno di ridurre l\u2019isolamento sociale, lavorativo e relazionale di giovani con disabilit\u00e0 della provincia di Como, fornendo loro un\u2019opportunit\u00e0 lavorativa concreta che incrementi i livelli di benessere e di autonomia di ciascuno. A pi\u00f9 di vent&#8217;anni dall&#8217;entrata in vigore della L. 68\/99 sul collocamento mirato, il [&hellip;]<\/p>\n","protected":false},"author":13,"featured_media":37401,"comment_status":"open","ping_status":"open","sticky":false,"template":"","format":"standard","meta":{"_acf_changed":false,"give_campaign_id":0,"footnotes":""},"categories":[285],"tags":[140],"class_list":["post-37383","post","type-post","status-publish","format-standard","has-post-thumbnail","hentry","category-news-progetti","tag-lavoro"],"acf":[],"_links":{"self":[{"href":"https:\/\/puntocometa.dev\/de\/wp-json\/wp\/v2\/posts\/37383","targetHints":{"allow":["GET"]}}],"collection":[{"href":"https:\/\/puntocometa.dev\/de\/wp-json\/wp\/v2\/posts"}],"about":[{"href":"https:\/\/puntocometa.dev\/de\/wp-json\/wp\/v2\/types\/post"}],"author":[{"embeddable":true,"href":"https:\/\/puntocometa.dev\/de\/wp-json\/wp\/v2\/users\/13"}],"replies":[{"embeddable":true,"href":"https:\/\/puntocometa.dev\/de\/wp-json\/wp\/v2\/comments?post=37383"}],"version-history":[{"count":1,"href":"https:\/\/puntocometa.dev\/de\/wp-json\/wp\/v2\/posts\/37383\/revisions"}],"predecessor-version":[{"id":1006292,"href":"https:\/\/puntocometa.dev\/de\/wp-json\/wp\/v2\/posts\/37383\/revisions\/1006292"}],"wp:featuredmedia":[{"embeddable":true,"href":"https:\/\/puntocometa.dev\/de\/wp-json\/wp\/v2\/media\/37401"}],"wp:attachment":[{"href":"https:\/\/puntocometa.dev\/de\/wp-json\/wp\/v2\/media?parent=37383"}],"wp:term":[{"taxonomy":"category","embeddable":true,"href":"https:\/\/puntocometa.dev\/de\/wp-json\/wp\/v2\/categories?post=37383"},{"taxonomy":"post_tag","embeddable":true,"href":"https:\/\/puntocometa.dev\/de\/wp-json\/wp\/v2\/tags?post=37383"}],"curies":[{"name":"wp","href":"https:\/\/api.w.org\/{rel}","templated":true}]}}