{"id":36964,"date":"2024-09-23T10:12:13","date_gmt":"2024-09-23T08:12:13","guid":{"rendered":"https:\/\/puntocometa.dev\/?p=36964"},"modified":"2024-09-23T10:12:13","modified_gmt":"2024-09-23T08:12:13","slug":"victor-e-ibrahima-storie-di-ripartenza","status":"publish","type":"post","link":"https:\/\/puntocometa.dev\/de\/victor-e-ibrahima-storie-di-ripartenza\/","title":{"rendered":"VICTOR E IBRAHIMA: STORIE DI RIPARTENZA"},"content":{"rendered":"<p><span data-contrast=\"auto\">Victor e Ibrahima, due giovani arrivati a Como in cerca di un cambiamento, due storie di ripartenza.<\/span><span data-ccp-props=\"{&quot;201341983&quot;:0,&quot;335559739&quot;:160,&quot;335559740&quot;:279}\">\u00a0<\/span><\/p>\n<p><span data-contrast=\"none\">Victor racconta<em> \u201cQuando ho trovato lavoro la mia vita ha cambiato colori. Mi sento felice perch\u00e9 sono impegnato. Al mattino mi alzo ed esco subito da casa perch\u00e9 sto bene al lavoro e voglio dimostrarlo con un bel sorriso a tutti!\u201d<\/em><\/span><span data-ccp-props=\"{&quot;134233117&quot;:false,&quot;134233118&quot;:false,&quot;201341983&quot;:0,&quot;335557856&quot;:16777215,&quot;335559738&quot;:0,&quot;335559739&quot;:0,&quot;335559740&quot;:279}\"><em>\u00a0<\/em><br \/>\n<\/span><span data-contrast=\"none\">Per tanto tempo non \u00e8 riuscito a trovare un lavoro e non aveva un gruppo di amici, si sentiva solo. Dopo essersi trasferito con la famiglia a Como, ha iniziato a lavorare a for&amp;from di Cometa. Ha un motivo per alzarsi la mattina, dei colleghi con cui sta bene e degli amici.<\/span><span data-ccp-props=\"{&quot;134233117&quot;:false,&quot;134233118&quot;:false,&quot;201341983&quot;:0,&quot;335557856&quot;:16777215,&quot;335559738&quot;:0,&quot;335559739&quot;:0,&quot;335559740&quot;:279}\">\u00a0<\/span><\/p>\n<div style=\"width: 1280px;\" class=\"wp-video\"><video class=\"wp-video-shortcode\" id=\"video-36964-1\" width=\"1280\" height=\"720\" preload=\"metadata\" controls=\"controls\"><source type=\"video\/mp4\" src=\"https:\/\/puntocometa.dev\/wp-content\/uploads\/2024\/09\/VICTOR-UNA-VITA-A-COLORI-_-_Fatti_.per-il-bene.mp4?_=1\" \/><a href=\"https:\/\/puntocometa.dev\/wp-content\/uploads\/2024\/09\/VICTOR-UNA-VITA-A-COLORI-_-_Fatti_.per-il-bene.mp4\">https:\/\/puntocometa.dev\/wp-content\/uploads\/2024\/09\/VICTOR-UNA-VITA-A-COLORI-_-_Fatti_.per-il-bene.mp4<\/a><\/video><\/div>\n<p>&nbsp;<\/p>\n<p><span data-contrast=\"none\"><em>\u201cSono contento e grato per questa opportunit\u00e0.<\/em> &#8211; racconta invece Ibrahima &#8211; <em>Mi ha permesso di crescere a livello professionale e personale e di iniziare a realizzare i miei sogni.\u201d<\/em><\/span><span data-ccp-props=\"{&quot;134233117&quot;:false,&quot;134233118&quot;:false,&quot;201341983&quot;:0,&quot;335557856&quot;:16777215,&quot;335559738&quot;:0,&quot;335559739&quot;:0,&quot;335559740&quot;:279}\"><em>\u00a0<\/em><br \/>\n<\/span><span data-contrast=\"none\">Nel 2021 coglie l\u2019occasione di partecipare a un corso per posatore di infissi: da l\u00ec \u00e8 arrivato un contratto di apprendistato, un lavoro che gli piace e la possibilit\u00e0 di raggiungere i suoi obiettivi.<\/span><span data-ccp-props=\"{&quot;134233117&quot;:false,&quot;134233118&quot;:false,&quot;201341983&quot;:0,&quot;335557856&quot;:16777215,&quot;335559738&quot;:0,&quot;335559739&quot;:0,&quot;335559740&quot;:279}\">\u00a0<\/span><\/p>\n<p>&nbsp;<\/p>\n<div style=\"width: 1280px;\" class=\"wp-video\"><video class=\"wp-video-shortcode\" id=\"video-36964-2\" width=\"1280\" height=\"720\" preload=\"metadata\" controls=\"controls\"><source type=\"video\/mp4\" src=\"https:\/\/puntocometa.dev\/wp-content\/uploads\/2024\/09\/IBRAHIMA-UNA-STORIA-DI-INSERIMENTO-AL-LAVORO-_-_Fatti_.per-il-bene.mp4?_=2\" \/><a href=\"https:\/\/puntocometa.dev\/wp-content\/uploads\/2024\/09\/IBRAHIMA-UNA-STORIA-DI-INSERIMENTO-AL-LAVORO-_-_Fatti_.per-il-bene.mp4\">https:\/\/puntocometa.dev\/wp-content\/uploads\/2024\/09\/IBRAHIMA-UNA-STORIA-DI-INSERIMENTO-AL-LAVORO-_-_Fatti_.per-il-bene.mp4<\/a><\/video><\/div>\n","protected":false},"excerpt":{"rendered":"<p>Victor e Ibrahima, due giovani arrivati a Como in cerca di un cambiamento, due storie di ripartenza.\u00a0 Victor racconta \u201cQuando ho trovato lavoro la mia vita ha cambiato colori. Mi sento felice perch\u00e9 sono impegnato. Al mattino mi alzo ed esco subito da casa perch\u00e9 sto bene al lavoro e voglio dimostrarlo con un bel [&hellip;]<\/p>\n","protected":false},"author":15,"featured_media":36976,"comment_status":"open","ping_status":"open","sticky":false,"template":"","format":"standard","meta":{"_acf_changed":false,"give_campaign_id":0,"footnotes":""},"categories":[246],"tags":[140],"class_list":["post-36964","post","type-post","status-publish","format-standard","has-post-thumbnail","hentry","category-storie","tag-lavoro"],"acf":[],"_links":{"self":[{"href":"https:\/\/puntocometa.dev\/de\/wp-json\/wp\/v2\/posts\/36964","targetHints":{"allow":["GET"]}}],"collection":[{"href":"https:\/\/puntocometa.dev\/de\/wp-json\/wp\/v2\/posts"}],"about":[{"href":"https:\/\/puntocometa.dev\/de\/wp-json\/wp\/v2\/types\/post"}],"author":[{"embeddable":true,"href":"https:\/\/puntocometa.dev\/de\/wp-json\/wp\/v2\/users\/15"}],"replies":[{"embeddable":true,"href":"https:\/\/puntocometa.dev\/de\/wp-json\/wp\/v2\/comments?post=36964"}],"version-history":[{"count":0,"href":"https:\/\/puntocometa.dev\/de\/wp-json\/wp\/v2\/posts\/36964\/revisions"}],"wp:featuredmedia":[{"embeddable":true,"href":"https:\/\/puntocometa.dev\/de\/wp-json\/wp\/v2\/media\/36976"}],"wp:attachment":[{"href":"https:\/\/puntocometa.dev\/de\/wp-json\/wp\/v2\/media?parent=36964"}],"wp:term":[{"taxonomy":"category","embeddable":true,"href":"https:\/\/puntocometa.dev\/de\/wp-json\/wp\/v2\/categories?post=36964"},{"taxonomy":"post_tag","embeddable":true,"href":"https:\/\/puntocometa.dev\/de\/wp-json\/wp\/v2\/tags?post=36964"}],"curies":[{"name":"wp","href":"https:\/\/api.w.org\/{rel}","templated":true}]}}