{"id":35471,"date":"2022-09-30T09:14:03","date_gmt":"2022-09-30T07:14:03","guid":{"rendered":"https:\/\/puntocometa.dev\/?p=35471"},"modified":"2022-09-30T09:14:03","modified_gmt":"2022-09-30T07:14:03","slug":"incontrarti-percorsi-in-musica-e-parole-per-una-cultura-diffusa-e-accessibile-a-como-e-provincia","status":"publish","type":"post","link":"https:\/\/puntocometa.dev\/de\/incontrarti-percorsi-in-musica-e-parole-per-una-cultura-diffusa-e-accessibile-a-como-e-provincia\/","title":{"rendered":"IncontrArti. | Percorsi in musica e parole per una cultura diffusa e accessibile a Como e Provincia\u00a0"},"content":{"rendered":"<p><b><span data-contrast=\"auto\">IL PROGETTO<\/span><\/b><span data-ccp-props=\"{&quot;201341983&quot;:0,&quot;335551550&quot;:2,&quot;335551620&quot;:2,&quot;335559739&quot;:160,&quot;335559740&quot;:259}\">\u00a0<\/span><\/p>\n<p><span data-contrast=\"auto\">Il progetto <\/span><i><span data-contrast=\"auto\">\u201c<\/span><\/i><b><i><span data-contrast=\"auto\">IncontrArti<\/span><\/i><\/b><i><span data-contrast=\"auto\">. Percorsi in musica e parole per una cultura diffusa e accessibile a Como e Provincia\u201d<\/span><\/i><span data-contrast=\"auto\"> \u00e8 nato con l\u2019intenzione di realizzare un cambiamento sistemico nelle modalit\u00e0 di accesso alla fruizione culturale, soprattutto delle fasce pi\u00f9 fragili della popolazione di Como e provincia: minori in povert\u00e0 educativa e famiglie in condizioni di fragilit\u00e0 socioeconomica.<\/span><span data-ccp-props=\"{&quot;201341983&quot;:0,&quot;335551550&quot;:6,&quot;335551620&quot;:6,&quot;335559739&quot;:160,&quot;335559740&quot;:259}\">\u00a0<\/span><\/p>\n<p><b><span data-contrast=\"auto\">I BENEFICIARI<\/span><\/b><span data-ccp-props=\"{&quot;201341983&quot;:0,&quot;335551550&quot;:2,&quot;335551620&quot;:2,&quot;335559739&quot;:160,&quot;335559740&quot;:259}\">\u00a0<\/span><\/p>\n<p><span data-contrast=\"auto\">Bambini, ragazzi e famiglie in condizioni di fragilit\u00e0 socioeconomica.<\/span><span data-ccp-props=\"{&quot;201341983&quot;:0,&quot;335551550&quot;:6,&quot;335551620&quot;:6,&quot;335559739&quot;:160,&quot;335559740&quot;:259}\">\u00a0<\/span><span data-ccp-props=\"{&quot;201341983&quot;:0,&quot;335551550&quot;:6,&quot;335551620&quot;:6,&quot;335559739&quot;:160,&quot;335559740&quot;:259}\">\u00a0<\/span><\/p>\n<p><b><span data-contrast=\"auto\">OBIETTIVO\u00a0<\/span><\/b><span data-ccp-props=\"{&quot;201341983&quot;:0,&quot;335551550&quot;:6,&quot;335551620&quot;:6,&quot;335559739&quot;:160,&quot;335559740&quot;:259}\">\u00a0<\/span><\/p>\n<p><span data-contrast=\"auto\">Avvicinare alla cultura attraverso percorsi formativi ed educativi proprio quei minori in condizione di fragilit\u00e0, coinvolgendo, al contempo, l\u2019intera comunit\u00e0 comasca nella fruizione di eventi culturali sul territorio, e perseguendo, quindi, come dice il nome, l\u2019incontro e lo scambio attraverso l\u2019arte.\u00a0<\/span><span data-ccp-props=\"{&quot;201341983&quot;:0,&quot;335551550&quot;:6,&quot;335551620&quot;:6,&quot;335559739&quot;:160,&quot;335559740&quot;:259}\">\u00a0<\/span><\/p>\n<p><b><span data-contrast=\"auto\">LE ATTIVIT\u00c0<\/span><\/b><span data-ccp-props=\"{&quot;201341983&quot;:0,&quot;335551550&quot;:6,&quot;335551620&quot;:6,&quot;335559739&quot;:160,&quot;335559740&quot;:259}\">\u00a0<\/span><\/p>\n<p><span data-contrast=\"auto\">Diverse le linee di intervento, nelle quali sono stati miscelati laboratori per la fascia d\u2019et\u00e0 tra i 6 e i 18 anni \u2013 volti promuovere lo sviluppo di capacit\u00e0 e competenze cognitive, emotive e sociali, necessarie per facilitare l\u2019inclusione all\u2019interno della comunit\u00e0 \u2013 ed appuntamenti finalizzati a facilitare il processo di riappropriazione, da parte della cittadinanza, dei luoghi simbolo del territorio<\/span><\/p>\n<h5><strong>MUSICA, IL SIMBOLO DI UN INCONTRO<\/strong><\/h5>\n<ul>\n<li>Realizzazione di due laboratori coreutica di voci bianche<\/li>\n<li>Messa in scena e partecipazione dei cori di voci bianche alla rappresentazione dell&#8217;Opera<\/li>\n<li>realizzazione del laboratorio di lettura su libretto dell&#8217;Opera Lirica<\/li>\n<li>Organizzazione passeggiate storiche per le vie di Como legate all&#8217;opera Lirica<\/li>\n<\/ul>\n<h5><strong>LEGGERSI PER LEGGERE IL MONDO<\/strong><\/h5>\n<ul>\n<li>Progettazione e costruzione di casette di booksharing<\/li>\n<li>apertura nuovi punti booksharing sul territorio di Como e provincia<\/li>\n<li>Eventi pubblici di avvicinamento alla lettura e scoperta del paesaggio<\/li>\n<li>Organizzazione e realizzazione di laboratori di lettura ad alta voce per bambini 6-14 anni<\/li>\n<li>Organizzazione di eventi di Reading in luoghi emblematici di Como<\/li>\n<\/ul>\n<p style=\"text-align: center;\"><strong>Il progetto<\/strong><\/p>\n<p><img decoding=\"async\" src=\"https:\/\/puntocometa.dev\/wp-content\/uploads\/2024\/04\/logo-incontrarti-color.png\" style=\"max-width:100%;height:auto;\" alt=\"-\" title=\"\"><\/p>\n<p style=\"text-align: center;\"><strong>\u00e8 realizzato da<\/strong><\/p>\n<p><img decoding=\"async\" src=\"https:\/\/puntocometa.dev\/wp-content\/uploads\/2024\/04\/loghi-sentiero-dei-sogni-01.png\" style=\"max-width:100%;height:auto;\" alt=\"-\" title=\"\"><img decoding=\"async\" src=\"https:\/\/puntocometa.dev\/wp-content\/uploads\/2024\/04\/COMETA-positivo300ppi.png\" style=\"max-width:100%;height:auto;\" alt=\"-\" title=\"\"><img decoding=\"async\" src=\"https:\/\/puntocometa.dev\/wp-content\/uploads\/2024\/04\/tsc_logo-01.png\" style=\"max-width:100%;height:auto;\" alt=\"-\" title=\"\"><\/p>\n<p style=\"text-align: center;\"><strong>Con il contributo di<\/strong><\/p>\n<p><img decoding=\"async\" src=\"https:\/\/puntocometa.dev\/wp-content\/uploads\/2024\/04\/LOGO_CARIPLO.png\" style=\"max-width:100%;height:auto;\" alt=\"-\" title=\"\"><\/p>\n","protected":false},"excerpt":{"rendered":"<p>IL PROGETTO\u00a0 Il progetto \u201cIncontrArti. Percorsi in musica e parole per una cultura diffusa e accessibile a Como e Provincia\u201d \u00e8 nato con l\u2019intenzione di realizzare un cambiamento sistemico nelle modalit\u00e0 di accesso alla fruizione culturale, soprattutto delle fasce pi\u00f9 fragili della popolazione di Como e provincia: minori in povert\u00e0 educativa e famiglie in condizioni [&hellip;]<\/p>\n","protected":false},"author":13,"featured_media":35654,"comment_status":"open","ping_status":"open","sticky":false,"template":"","format":"standard","meta":{"_acf_changed":false,"give_campaign_id":0,"footnotes":""},"categories":[122],"tags":[66],"class_list":["post-35471","post","type-post","status-publish","format-standard","has-post-thumbnail","hentry","category-news","tag-accoglienza"],"acf":[],"_links":{"self":[{"href":"https:\/\/puntocometa.dev\/de\/wp-json\/wp\/v2\/posts\/35471","targetHints":{"allow":["GET"]}}],"collection":[{"href":"https:\/\/puntocometa.dev\/de\/wp-json\/wp\/v2\/posts"}],"about":[{"href":"https:\/\/puntocometa.dev\/de\/wp-json\/wp\/v2\/types\/post"}],"author":[{"embeddable":true,"href":"https:\/\/puntocometa.dev\/de\/wp-json\/wp\/v2\/users\/13"}],"replies":[{"embeddable":true,"href":"https:\/\/puntocometa.dev\/de\/wp-json\/wp\/v2\/comments?post=35471"}],"version-history":[{"count":0,"href":"https:\/\/puntocometa.dev\/de\/wp-json\/wp\/v2\/posts\/35471\/revisions"}],"wp:featuredmedia":[{"embeddable":true,"href":"https:\/\/puntocometa.dev\/de\/wp-json\/wp\/v2\/media\/35654"}],"wp:attachment":[{"href":"https:\/\/puntocometa.dev\/de\/wp-json\/wp\/v2\/media?parent=35471"}],"wp:term":[{"taxonomy":"category","embeddable":true,"href":"https:\/\/puntocometa.dev\/de\/wp-json\/wp\/v2\/categories?post=35471"},{"taxonomy":"post_tag","embeddable":true,"href":"https:\/\/puntocometa.dev\/de\/wp-json\/wp\/v2\/tags?post=35471"}],"curies":[{"name":"wp","href":"https:\/\/api.w.org\/{rel}","templated":true}]}}