{"id":34989,"date":"2023-11-22T15:24:07","date_gmt":"2023-11-22T14:24:07","guid":{"rendered":"https:\/\/puntocometa.dev\/?p=34989"},"modified":"2023-11-22T15:24:07","modified_gmt":"2023-11-22T14:24:07","slug":"presentato-al-territorio-il-nuovo-servizio-del-progetto-ritrovamenti-volto-a-contrastare-il-disagio-psichico-in-eta-infantile-e-adolescenziale","status":"publish","type":"post","link":"https:\/\/puntocometa.dev\/de\/presentato-al-territorio-il-nuovo-servizio-del-progetto-ritrovamenti-volto-a-contrastare-il-disagio-psichico-in-eta-infantile-e-adolescenziale\/","title":{"rendered":"PRESENTATO AL TERRITORIO IL NUOVO SERVIZIO DEL PROGETTO RITROVAMENTI VOLTO A CONTRASTARE IL DISAGIO PSICHICO IN ETA\u2019 INFANTILE E ADOLESCENZIALE\u00a0"},"content":{"rendered":"<p><b><span data-contrast=\"auto\">Unirsi e mettere in rete le competenze per intercettare i bisogni sempre pi\u00f9 complessi dei minori e salvaguardare il loro benessere psicologico, orientando loro e le famiglie verso i servizi pi\u00f9 adeguati presenti sul territorio.<\/span><\/b><span data-contrast=\"auto\"> \u00c8 questo uno degli obiettivi principali del progetto \u201cRitrovaMenti\u201d, presentato questa mattina al Teatro Sociale di Como. Un\u2019iniziativa che vede in prima fila \u201cIl Manto SCS\u201d, ma che ha la sua forza nella rete di partner: La Stanza Blu, Consultorio La Famiglia, Associazione Insieme Verso Nuovi Orizzonti e Azienda Sociale Comasca e Lariana. A introdurre il progetto \u00e8 stata la direttrice de Il Manto SCS Mirella Ebainetti, che ha dipinto la situazione attuale, in cui sempre pi\u00f9 minori manifestano disagi psichici. La pandemia ha fatto da acceleratore a un fenomeno che gi\u00e0, negli anni immediatamente precedenti stava andando intensificandosi. \u00c8 quindi necessario stare accanto a bambini e ragazzi con interventi mirati, costruiti sulle caratteristiche di ognuno di loro. E per farlo, <\/span><b><span data-contrast=\"auto\">i partner del progetto hanno deciso di unire le competenze, creando qualcosa di nuovo: una rete che possa intercettare i problemi e accompagnarli, con le famiglie, attraverso percorsi su misura. Questo anche grazie a un nuovo servizio attivo da oggi sul sito www.ritrovamenti.org, che mette a disposizione un form da poter utilizzare per inviare eventuali richieste di sostegno e supporto.<\/span><\/b><span data-ccp-props=\"{&quot;201341983&quot;:0,&quot;335551550&quot;:6,&quot;335551620&quot;:6,&quot;335559739&quot;:160,&quot;335559740&quot;:259}\">\u00a0<\/span><\/p>\n<p><span data-contrast=\"auto\">Sono seguiti i saluti istituzionali del vicesindaco di Como Nicoletta Roperto, del presidente dell\u2019Assemblea Consortile ASCL Pierluigi Mascetti, del direttore di Azienda Sociale Comasca e Lariana Giampaolo Folcio, della neuropsichiatra dell\u2019U.O.C.NPIA Annalisa Toffani, della presidente del Direttivo dell\u2019Ordine degli Psicologi della Lombardia Laura Parolin e di Monica Testori, membro della Commissione centrale di Beneficenza di Fondazione Cariplo, che sostiene il progetto. \u201c<\/span><i><span data-contrast=\"auto\">\u00c8 un problema che risale a prima della pandemia, ma che da essa \u00e8 stato slatentizzato<\/span><\/i><span data-contrast=\"auto\"> &#8211; ha dichiarato quest\u2019ultima \u2013 <\/span><i><span data-contrast=\"auto\">Abbiamo intercettato un mondo di bisogni non accolti o in lista d\u2019attesa, con famiglie sole, che spesso non sanno cosa fare. Per questo abbiamo indetto un bando, mettendo a disposizione 5,2 milioni per finanziare 28 progetti. Abbiamo coperto tutte le fasce d\u2019et\u00e0, con particolare attenzione a favorire strumenti digitali, azioni di prossimit\u00e0, informazione e sensibilizzazione<\/span><\/i><span data-contrast=\"auto\">\u201d. \u00c8 seguito l\u2019intervento della psicosociologa Franca Manoukian, che ha spiegato l\u2019importanza di un <\/span><b><span data-contrast=\"auto\">progetto che<\/span><\/b><span data-contrast=\"auto\">, come nel caso di RitrovaMenti, <\/span><b><span data-contrast=\"auto\">si basa sul lavoro in rete<\/span><\/b><span data-contrast=\"auto\">. \u201c<\/span><i><span data-contrast=\"auto\">A Como ci sono tante risorse, eppure ci sono fenomeni invisibili, che si prendono in considerazione solo quando esplodono. \u00c8 importante, dunque, portare avanti progetti sociali con componenti innovative. Come dice il titolo RitrovaMenti, in questo caso <\/span><\/i><b><i><span data-contrast=\"auto\">c\u2019\u00e8 una spinta a rimettersi a pensare e a farlo al plurale. \u00c8 difficile, richiede attenzione, ma aiuta a mettersi in discussione. Serve un agire progettuale, che coniughi il continuare a conoscere con l\u2019azione e viceversa. Nel sociale, spesso, si tende a essere frammentati e a dividere le competenze. Ora, invece, organizzare vuol dire connettere, favorendo il dialogo, anche tra gli operatori\u201d.<\/span><\/i><\/b><span data-ccp-props=\"{&quot;201341983&quot;:0,&quot;335551550&quot;:6,&quot;335551620&quot;:6,&quot;335559739&quot;:160,&quot;335559740&quot;:259}\">\u00a0<\/span><\/p>\n<p><span data-contrast=\"auto\">Poi, i vari partner del progetto hanno avuto modo di presentarsi e di raccontare la propria attivit\u00e0 e il proprio ruolo nel progetto. A partire da ASCL, rappresentata da Claudia Cairoli: \u201c<\/span><i><span data-contrast=\"auto\">Da un indagine interna ed esterna all\u2019azienda, \u00e8 emerso quanto manchi ancora una rete per contrastare fenomeni come l\u2019abbandono scolastico<\/span><\/i><span data-contrast=\"auto\"> \u2013 ha affermato \u2013 <\/span><i><span data-contrast=\"auto\">\u00c8 un tema che continueremo ad approfondire<\/span><\/i><span data-contrast=\"auto\">\u201d. Annamaria Curtale, che ha illustrato brevemente la missione de Il Manto SCS: \u201c<\/span><i><span data-contrast=\"auto\">\u00c8 pi\u00f9 difficile pensare insieme che agire. Ma settimanalmente ci troviamo a lavorare in \u00e9quipe, prima di portare qualsiasi richiesta all\u2019esterno<\/span><\/i><span data-contrast=\"auto\">\u201d. Per il Consultorio La Famiglia \u00e8 intervenuta Sonia Monticelli: \u201c<\/span><i><span data-contrast=\"auto\">Eravamo in un momento storico complesso, in cui ci trovavamo costretti a fare aspettare i ragazzi anche per tre mesi prima di riuscire ad aiutarli. Questo progetto ci ha permesso di dare ampio respiro e risposta immediata\u201d.<\/span><\/i><span data-contrast=\"auto\"> \u00c8 stata poi la volta di Luca Vozella di La Cometa SCS: \u201c<\/span><i><span data-contrast=\"auto\">Viviamo in un periodo in cui le dinamiche sono in continuo cambiamento e diventa importante, pertanto, proporre attivit\u00e0 differenti. Il lavoro in rete diventa indispensabile, nel ricomporre l\u2019unicit\u00e0 del ragazzo, mettendo insieme i vari pezzi<\/span><\/i><span data-contrast=\"auto\">\u201d. Alessandra Melidonis ha tracciato brevemente l\u2019attivit\u00e0 dell\u2019Associazione Insieme Verso Nuovi Orizzonti: \u201c<\/span><i><span data-contrast=\"auto\">\u00c8<\/span><\/i> <i><span data-contrast=\"auto\">un progetto che si realizza mentre lo stiamo facendo. Spesso, oggi, i ragazzi non sanno neanche pi\u00f9 di stare male. Hanno bisogno di raccontarsi, trovarsi e di trovare anche gli altri<\/span><\/i><span data-contrast=\"auto\">\u201d. Infine, ha preso la parola Francesca Schillaci de La Stanza Blu. \u201c<\/span><i><span data-contrast=\"auto\">Lavoriamo con i bambini da 0-6 anni, nati proprio a ridosso della fase pandemica. Per noi \u00e8 importante intercettare segnali di disagio sotto la soglia, perseguendo la prevenzione<\/span><\/i><span data-contrast=\"auto\">\u201d. Tante realt\u00e0, diversi ambiti di intervento, ma che messe in connessione possono rappresentare la vera innovazione: quella rete di servizi pronti a <\/span><b><span data-contrast=\"auto\">rispondere ai bisogni del minore<\/span><\/b><span data-contrast=\"auto\"> a cui RitrovaMenti ambisce. A impreziosire la mattinata, in conclusione, \u00e8 intervenuta una madre con un vissuto difficile, che ha testimoniato <\/span><b><span data-contrast=\"auto\">l\u2019importanza del chiedere aiuto nei momenti pi\u00f9 complicati.<\/span><\/b><span data-ccp-props=\"{&quot;201341983&quot;:0,&quot;335551550&quot;:6,&quot;335551620&quot;:6,&quot;335559739&quot;:160,&quot;335559740&quot;:259}\">\u00a0<\/span><\/p>\n","protected":false},"excerpt":{"rendered":"<p>Unirsi e mettere in rete le competenze per intercettare i bisogni sempre pi\u00f9 complessi dei minori e salvaguardare il loro benessere psicologico, orientando loro e le famiglie verso i servizi pi\u00f9 adeguati presenti sul territorio. \u00c8 questo uno degli obiettivi principali del progetto \u201cRitrovaMenti\u201d, presentato questa mattina al Teatro Sociale di Como. Un\u2019iniziativa che vede [&hellip;]<\/p>\n","protected":false},"author":15,"featured_media":34990,"comment_status":"open","ping_status":"open","sticky":false,"template":"","format":"standard","meta":{"_acf_changed":false,"give_campaign_id":0,"footnotes":""},"categories":[122],"tags":[66,170],"class_list":["post-34989","post","type-post","status-publish","format-standard","has-post-thumbnail","hentry","category-news","tag-accoglienza","tag-educazione"],"acf":[],"_links":{"self":[{"href":"https:\/\/puntocometa.dev\/de\/wp-json\/wp\/v2\/posts\/34989","targetHints":{"allow":["GET"]}}],"collection":[{"href":"https:\/\/puntocometa.dev\/de\/wp-json\/wp\/v2\/posts"}],"about":[{"href":"https:\/\/puntocometa.dev\/de\/wp-json\/wp\/v2\/types\/post"}],"author":[{"embeddable":true,"href":"https:\/\/puntocometa.dev\/de\/wp-json\/wp\/v2\/users\/15"}],"replies":[{"embeddable":true,"href":"https:\/\/puntocometa.dev\/de\/wp-json\/wp\/v2\/comments?post=34989"}],"version-history":[{"count":0,"href":"https:\/\/puntocometa.dev\/de\/wp-json\/wp\/v2\/posts\/34989\/revisions"}],"wp:featuredmedia":[{"embeddable":true,"href":"https:\/\/puntocometa.dev\/de\/wp-json\/wp\/v2\/media\/34990"}],"wp:attachment":[{"href":"https:\/\/puntocometa.dev\/de\/wp-json\/wp\/v2\/media?parent=34989"}],"wp:term":[{"taxonomy":"category","embeddable":true,"href":"https:\/\/puntocometa.dev\/de\/wp-json\/wp\/v2\/categories?post=34989"},{"taxonomy":"post_tag","embeddable":true,"href":"https:\/\/puntocometa.dev\/de\/wp-json\/wp\/v2\/tags?post=34989"}],"curies":[{"name":"wp","href":"https:\/\/api.w.org\/{rel}","templated":true}]}}