{"id":34986,"date":"2023-11-22T15:22:31","date_gmt":"2023-11-22T14:22:31","guid":{"rendered":"https:\/\/puntocometa.dev\/?p=34986"},"modified":"2023-11-22T15:22:31","modified_gmt":"2023-11-22T14:22:31","slug":"qual-e-il-valore-dellaccoglienza-nel-nuovo-contesto-della-giustizia-minorile","status":"publish","type":"post","link":"https:\/\/puntocometa.dev\/de\/qual-e-il-valore-dellaccoglienza-nel-nuovo-contesto-della-giustizia-minorile\/","title":{"rendered":"\u201cQUAL \u00c8 IL VALORE DELL\u2019ACCOGLIENZA NEL NUOVO CONTESTO DELLA GIUSTIZIA\u202fMINORILE?\u201d\u202f\u00a0"},"content":{"rendered":"<p><span data-contrast=\"auto\">A vent\u2019anni dalla sua nascita, il Coordinamento Comasco Minori, di cui Cometa fa parte, ha tenuto alla Camera di Commercio di Como il convegno <\/span><b><i><span data-contrast=\"auto\">\u201cQual \u00e8 il valore dell\u2019accoglienza nel nuovo contesto della giustizia minorile?\u201d<\/span><\/i><\/b><span data-contrast=\"auto\">.<\/span><span data-ccp-props=\"{&quot;201341983&quot;:0,&quot;335551550&quot;:6,&quot;335551620&quot;:6,&quot;335559739&quot;:0,&quot;335559740&quot;:240}\">\u00a0<\/span><\/p>\n<p><span data-contrast=\"auto\">Alla luce della nuova riforma, che ha stravolto profondamente la giustizia minorile, <\/span><b><span data-contrast=\"auto\">\u00e8 necessario interrogarsi sulla centralit\u00e0 che manterr\u00e0 il minore alla luce delle novit\u00e0 apportate<\/span><\/b><span data-contrast=\"auto\"> e su come\u202fsia possibile continuare a tutelare il suo superiore interesse.<\/span><\/p>\n<p><span data-contrast=\"auto\">A porre l\u2019attenzione sulla questione, nel proprio discorso introduttivo, \u00e8 stata la presidente del coordinamento Mirella Ebainetti: <\/span><i><span data-contrast=\"auto\">\u201cLa riforma, che sta stravolgendo ci\u00f2 che molte istituzioni estere ci hanno invidiato in questi anni, ci ha interrogato in modo importante sul nostro ruolo di operare. Abbiamo affrontato un percorso formativo negli scorsi mesi sulle ricadute organizzative, operative e metodologiche della riforma all\u2019interno dei servizi e negli interventi di cura e sostegno dei minori e delle loro famiglie. Sulla scorta delle domande rimaste aperte, \u00e8 nata <\/span><\/i><b><i><span data-contrast=\"auto\">l\u2019idea di coinvolgere nella giornata di lavoro odierna chi sta traghettando questo momento storico per un\u2019importantissima occasione di confronto<\/span><\/i><\/b><i><span data-contrast=\"auto\">\u201d.\u202f\u202f<\/span><\/i><span data-ccp-props=\"{&quot;201341983&quot;:0,&quot;335551550&quot;:6,&quot;335551620&quot;:6,&quot;335559739&quot;:0,&quot;335559740&quot;:240}\">\u00a0<\/span><\/p>\n<p><span data-contrast=\"auto\">Sono seguiti gli interventi istituzionali del prefetto Andrea Polichetti, della vicesindaca di Como e assessora ai servizi sociali Nicoletta Roperto, di don Fausto Sangiani in rappresentanza del cardinale Oscar Cantoni, ma anche di Maria Grazia Figini in rappresentanza del Tavolo Nazionale Affido, di Gianni Fulvi, presidente del Coordinamento Nazionale delle Comunit\u00e0 per Minori e di Liviana Marelli del Coordinamento Nazionale Comunit\u00e0 di Accoglienza.<\/span><span data-ccp-props=\"{&quot;201341983&quot;:0,&quot;335551550&quot;:6,&quot;335551620&quot;:6,&quot;335559739&quot;:0,&quot;335559740&quot;:240}\">\u00a0<\/span><\/p>\n<p><span data-contrast=\"auto\">Il dottor Rudelli, moderatore dei lavori, ha quindi dato avvio alla tavola rotonda, con l\u2019intervento del Ministro per la Disabilit\u00e0 Alessandra Locatelli, in collegamento da remoto. <\/span><i><span data-contrast=\"auto\">\u201cIl minore ha il diritto di essere ascoltato e tutelato. \u2013 ha affermato \u2013 La riforma, che vuole snellire i processi, tiene conto di questo e di molto altro. Oggi viviamo in un mondo sempre pi\u00f9 complesso, in cui non si tratta pi\u00f9 solamente di accompagnare il minore. Pertanto, giudici, tribunali e servizi sociali non possono essere soli. <\/span><\/i><b><i><span data-contrast=\"auto\">Serve una rete di comunit\u00e0, una sinergia del territorio e degli enti del terzo settore, perch\u00e9 i bambini e i ragazzi non siano al centro di un percorso fatto di norme ma di persone, amicizie e relazioni<\/span><\/i><\/b><i><span data-contrast=\"auto\">\u201d.<\/span><\/i><span data-contrast=\"auto\"> Ma se \u00e8 vero che la riforma parte da buoni propositi, \u00e8 altrettanto accertato che un\u2019unica formula per tutti i settori della giustizia rischia di creare problematiche a cui \u00e8 difficile fare fronte.\u202f\u202f<\/span><span data-ccp-props=\"{&quot;201341983&quot;:0,&quot;335551550&quot;:6,&quot;335551620&quot;:6,&quot;335559739&quot;:0,&quot;335559740&quot;:240}\">\u00a0<\/span><\/p>\n<p><span data-contrast=\"auto\">E proprio su queste lacune si \u00e8 concentrato l\u2019intervento della presidente del Tribunale per i minorenni Maria Carla Gatto: <\/span><b><span data-contrast=\"auto\">\u201c<\/span><\/b><b><i><span data-contrast=\"auto\">Nel seguire l\u2019intento di unificare i riti, si \u00e8 ecceduto nel ricondurre diverse realt\u00e0 a un unico paradigma processuale, ritagliato sul conflitto familiare. Nel caso dei minori, servirebbero tempi di intervento rapidi, ma nel caso della riforma non \u00e8 cos\u00ec. <\/span><\/i><\/b><i><span data-contrast=\"auto\">Pensiamo ad esempio ai casi di abbandono scolastico, la riforma prevede procedure che non funzionano per ci\u00f2 che andiamo a tutelare, ovvero il diritto dei bambini di ricevere un\u2019istruzione e un\u2019educazione adeguata\u201d.<\/span><\/i><span data-contrast=\"auto\"> Nel suo intervento, la dottoressa Gatto ha poi messo in luce l\u2019inadeguatezza del processo telematico che ha interessato la giustizia civile minorile e le difficolt\u00e0 organizzative che vivono sia i tribunali per i minorenni che i tribunali ordinari alla luce della riforma.\u202f<\/span><span data-ccp-props=\"{&quot;201341983&quot;:0,&quot;335551550&quot;:6,&quot;335551620&quot;:6,&quot;335559739&quot;:0,&quot;335559740&quot;:240}\">\u00a0<\/span><\/p>\n<p><span data-contrast=\"auto\">Tematiche ben note a Paola Parlati, presidente del Tribunale onorario di Como, che ha posto l\u2019accento proprio su queste lacune: <\/span><b><span data-contrast=\"auto\">\u201c<\/span><\/b><b><i><span data-contrast=\"auto\">I tribunali ordinari sono inadeguati rispetto alla sfida a cui sono chiamati.<\/span><\/i><\/b><i><span data-contrast=\"auto\"> L&#8217;intento di partenza della riforma era buono, ma come spesso accade, \u00e8 complicato da realizzare in senso pratico. A Como, ad esempio, arrivano solo magistrati di prima nomina e spesso fatichiamo a trovare una soluzione per posti rimasti vacanti. E, oltre a essere pochi, <\/span><\/i><b><i><span data-contrast=\"auto\">\u00e8 molto difficile che un magistrato accetti di operare nel settore della famiglia, perch\u00e9 si entra in un ambito che richiede molta pazienza, sublimazione, dedizione e autocontrollo<\/span><\/i><\/b><i><span data-contrast=\"auto\">\u201d<\/span><\/i><span data-contrast=\"auto\">. Il discorso si \u00e8 chiuso con <\/span><b><span data-contrast=\"auto\">un invito alla collaborazione<\/span><\/b><span data-contrast=\"auto\"> con la classe forense come alleati per una deflazione del numero dei procedimenti di separazione e nell\u2019investimento in una maggiore formazione di avvocati e magistrati volta a prepararli ad affrontare la responsabilit\u00e0 di entrare nella materia del diritto famigliare\u202fcon la giusta sensibilit\u00e0 e mitezza.\u202f\u202f<\/span><span data-ccp-props=\"{&quot;201341983&quot;:0,&quot;335551550&quot;:6,&quot;335551620&quot;:6,&quot;335559739&quot;:0,&quot;335559740&quot;:240}\">\u00a0<\/span><\/p>\n<p><span data-ccp-props=\"{&quot;201341983&quot;:0,&quot;335551550&quot;:6,&quot;335551620&quot;:6,&quot;335559739&quot;:0,&quot;335559740&quot;:240}\">\u00a0<\/span><span data-contrast=\"auto\">Per ultima, \u00e8 intervenuta la psicoterapeuta Annamaria Curtale, esperta di psicologia giuridica, che ha spiegato l\u2019importanza della relazione per la crescita di un bambino. <\/span><b><i><span data-contrast=\"auto\">\u201cGli studi confermano che il cervello \u00e8 votato alla relazione gi\u00e0 dalla nascita e che, quando essa manca, si creano degli scompensi. Ma la relazione e l\u2019ascolto, se si interviene in fretta, possono riparare ci\u00f2 che si \u00e8 rotto\u201d.<\/span><\/i><\/b><span data-contrast=\"auto\"> E in questa situazione di cambiamento e confusione, dunque, \u00e8 importante fare qualcosa e farlo insieme, <\/span><b><span data-contrast=\"auto\">collaborando affinch\u00e9 il prioritario interesse del minore, il nostro futuro, venga sempre messo\u202fal centro.<\/span><\/b><span data-ccp-props=\"{&quot;201341983&quot;:0,&quot;335551550&quot;:6,&quot;335551620&quot;:6,&quot;335559739&quot;:0,&quot;335559740&quot;:240}\">\u00a0<\/span><\/p>\n<p><span data-ccp-props=\"{&quot;201341983&quot;:0,&quot;335551550&quot;:6,&quot;335551620&quot;:6,&quot;335559739&quot;:0,&quot;335559740&quot;:240}\">\u00a0<\/span><span data-contrast=\"auto\">Il convegno \u00e8 stato impreziosito dalla presenza di alcune <\/span><b><span data-contrast=\"auto\">testimonianze<\/span><\/b><span data-contrast=\"auto\"> che hanno preceduto gli interventi dei relatori e che hanno dato prova del valore dell\u2019accoglienza e dell\u2019importanza di essere pensati e accompagnati.\u202f<\/span><span data-ccp-props=\"{&quot;201341983&quot;:0,&quot;335551550&quot;:6,&quot;335551620&quot;:6,&quot;335559739&quot;:0,&quot;335559740&quot;:240}\"><br \/>\n<\/span><span data-ccp-props=\"{&quot;201341983&quot;:0,&quot;335551550&quot;:6,&quot;335551620&quot;:6,&quot;335559739&quot;:0,&quot;335559740&quot;:240}\">I<\/span><span data-contrast=\"auto\">n conclusione, si riporta la<\/span><b><span data-contrast=\"auto\"> volont\u00e0\u202fe l&#8217;impegno alla collaborazione e al confronto costruttivo <\/span><\/b><span data-contrast=\"auto\">espresso da tutti i convenuti per la creazione di un<\/span><b><span data-contrast=\"auto\"> sistema territoriale che possa garantire una tutela effettiva delle bambine e dei bambini.\u202f<\/span><\/b><span data-ccp-props=\"{&quot;201341983&quot;:0,&quot;335551550&quot;:6,&quot;335551620&quot;:6,&quot;335559739&quot;:0,&quot;335559740&quot;:240}\">\u00a0<\/span><\/p>\n","protected":false},"excerpt":{"rendered":"<p>A vent\u2019anni dalla sua nascita, il Coordinamento Comasco Minori, di cui Cometa fa parte, ha tenuto alla Camera di Commercio di Como il convegno \u201cQual \u00e8 il valore dell\u2019accoglienza nel nuovo contesto della giustizia minorile?\u201d.\u00a0 Alla luce della nuova riforma, che ha stravolto profondamente la giustizia minorile, \u00e8 necessario interrogarsi sulla centralit\u00e0 che manterr\u00e0 il [&hellip;]<\/p>\n","protected":false},"author":15,"featured_media":34987,"comment_status":"open","ping_status":"open","sticky":false,"template":"","format":"standard","meta":{"_acf_changed":false,"give_campaign_id":0,"footnotes":""},"categories":[122],"tags":[66],"class_list":["post-34986","post","type-post","status-publish","format-standard","has-post-thumbnail","hentry","category-news","tag-accoglienza"],"acf":[],"_links":{"self":[{"href":"https:\/\/puntocometa.dev\/de\/wp-json\/wp\/v2\/posts\/34986","targetHints":{"allow":["GET"]}}],"collection":[{"href":"https:\/\/puntocometa.dev\/de\/wp-json\/wp\/v2\/posts"}],"about":[{"href":"https:\/\/puntocometa.dev\/de\/wp-json\/wp\/v2\/types\/post"}],"author":[{"embeddable":true,"href":"https:\/\/puntocometa.dev\/de\/wp-json\/wp\/v2\/users\/15"}],"replies":[{"embeddable":true,"href":"https:\/\/puntocometa.dev\/de\/wp-json\/wp\/v2\/comments?post=34986"}],"version-history":[{"count":0,"href":"https:\/\/puntocometa.dev\/de\/wp-json\/wp\/v2\/posts\/34986\/revisions"}],"wp:featuredmedia":[{"embeddable":true,"href":"https:\/\/puntocometa.dev\/de\/wp-json\/wp\/v2\/media\/34987"}],"wp:attachment":[{"href":"https:\/\/puntocometa.dev\/de\/wp-json\/wp\/v2\/media?parent=34986"}],"wp:term":[{"taxonomy":"category","embeddable":true,"href":"https:\/\/puntocometa.dev\/de\/wp-json\/wp\/v2\/categories?post=34986"},{"taxonomy":"post_tag","embeddable":true,"href":"https:\/\/puntocometa.dev\/de\/wp-json\/wp\/v2\/tags?post=34986"}],"curies":[{"name":"wp","href":"https:\/\/api.w.org\/{rel}","templated":true}]}}