{"id":34277,"date":"2023-05-31T14:39:19","date_gmt":"2023-05-31T12:39:19","guid":{"rendered":"https:\/\/puntocometa.dev\/?p=34277"},"modified":"2023-05-31T14:39:19","modified_gmt":"2023-05-31T12:39:19","slug":"la-cometa-a-betlemme-mossa-dalla-sfida-educativa","status":"publish","type":"post","link":"https:\/\/puntocometa.dev\/de\/la-cometa-a-betlemme-mossa-dalla-sfida-educativa\/","title":{"rendered":"LA COMETA A BETLEMME, mossa dalla sfida educativa"},"content":{"rendered":"<p>Da Cometa a Betlemme, per riflettere sul proprio ruolo e sull\u2019importanza di accompagnare bambini e ragazzi verso la costruzione del loro futuro. E\u2019 stata un\u2019esperienza estremamente arricchente quella che Matteo, Tommaso e Alessandro, tre educatori del <a href=\"https:\/\/puntocometa.dev\/il-manto\/\">centro diurno Il Manto<\/a>, hanno vissuto tra l\u20198 e il 12 di maggio, quando, grazie a un nuovo progetto di scambio, hanno raggiunto la Terra Santa.<\/p>\n<p>L\u2019idea \u00e8 partita proprio da uno di loro, Matteo, che in passato ha svolto a Betlemme due anni di servizio civile, nei quali ha avuto modo di conoscere a fondo la Casa del Fanciullo, una realt\u00e0 molto simile a quella di Cometa e del Manto. Ed \u00e8 proprio dalle analogie tra le due organizzazioni che \u00e8 scaturita la proposta di scambio, volta al confronto e all\u2019arricchimento reciproco.<\/p>\n<p>I tre ragazzi, che a Como sono parte attiva di &#8222;Una Casa per Crescere&#8220;, che coinvolge 120 bambini di elementari e medie, che vengono accompagnati nel percorso educativo, nello studio e in laboratori finalizzati a lavorare sulle loro potenzialit\u00e0 e passioni, <strong>sono partiti con l\u2019idea di entrare in punta di piedi nella realt\u00e0 e imparare il pi\u00f9 possibile, ma sono stati travolti da un\u2019autentica ondata di entusiasmo<\/strong>.\u201c<\/p>\n<p>L\u2019idea era quella di <strong>creare un dialogo con gli operatori di Betlemme<\/strong>, ma anche e soprattutto quella di vivere un\u2019esperienza arricchente a livello personale \u2013 raccontano i tre educatori \u2013 abbiamo cercato di entrare timidamente nella quotidianit\u00e0 della Casa del Fanciullo, ma fin da subito siamo rimasti colpiti dall\u2019accoglienza. Sia il personale, sia i ragazzi, ci hanno fatto capire che per loro, la nostra presenza, rappresentava un\u2019opportunit\u00e0. Tutti hanno cercato il contatto con noi, facendoci sentire immediatamente integrati. <strong>E\u2019 stato prezioso<\/strong>\u201d.<\/p>\n<p>Durante i cinque giorni, Matteo, Tommaso e Alessandro hanno alternato visite ad altre realt\u00e0 della zone a pomeriggi con i ragazzi e gli educatori della Casa del Fanciullo. Dall\u2019incontro e dal confronto, sono scaturiti preziosi insegnamenti e riflessioni. \u201c<strong>Abbiamo affrontato diverse tematiche<\/strong> \u2013 raccontano \u2013 <strong>Una, importantissima, \u00e8 quella dell\u2019essere casa e del far sentire a casa i bambini che affianchiamo<\/strong>. Ma anche il t<strong>ema dell\u2019educare attraverso l\u2019esperienza, quindi dell\u2019aiutare i ragazzi a mettersi in gioco e a scoprire le proprie passioni, \u00e8 stato oggetto di confronto.<\/strong> Ci siamo resi conto che esistono tante analogie tra Cometa e Casa del Fanciullo, nonostante loro abbiano meno possibilit\u00e0 di noi, per via del contesto politico in cui si trovano. Un ragazzo, ad esempio, ci ha espresso il proprio desiderio di giocare a pallacanestro, ma anche l\u2019impossibilit\u00e0 di farlo, poich\u00e9 non gli \u00e8 possibile uscire da Betlemme. Nonostante questo, per\u00f2, non ha perso speranza. Questi incontri ci spronano a lavorare ancora di pi\u00f9 con i nostri ragazzi.<\/p>\n<p>A novembre lo scambio si ripeter\u00e0, ma saranno gli educatori di Betlemme a raggiungere Como e Il Manto. \u201cDi spunti ne abbiamo avuti tanti \u2013 concludono Matteo, Tommaso e Alessandro \u2013 Ovviamente dobbiamo rielaborarli prima di inserirli nel contesto di Cometa, ma una delle iniziative che ci piacerebbe introdurre, \u00e8 quella di scrivere un breve pensiero serale per ringraziare di qualcosa che hanno apprezzato della giornata. In generale, per\u00f2, <strong>l\u2019esperienza ci ha ricordato il senso di quello che facciamo. Non vediamo l\u2019ora di proseguire nel progetto<\/strong>\u201d.<\/p>\n<p><img fetchpriority=\"high\" decoding=\"async\" class=\"alignnone wp-image-34281\" src=\"https:\/\/puntocometa.dev\/wp-content\/uploads\/2023\/05\/OK-NEWSLETTER-300x135.jpg\" alt=\"-\" width=\"409\" height=\"184\" title=\"\">\u00a0<img decoding=\"async\" class=\"alignnone wp-image-34280\" src=\"https:\/\/puntocometa.dev\/wp-content\/uploads\/2023\/05\/OK-NEWSLETTER-300x135.jpeg\" alt=\"-\" width=\"407\" height=\"183\" title=\"\"><img decoding=\"async\" class=\"alignnone size-medium wp-image-34286\" src=\"https:\/\/puntocometa.dev\/wp-content\/uploads\/2023\/05\/WhatsApp-Image-2023-05-17-at-13.59.13-225x300.jpeg\" alt=\"-\" width=\"225\" height=\"300\" title=\"\"> <img loading=\"lazy\" decoding=\"async\" class=\"alignnone size-medium wp-image-34285\" src=\"https:\/\/puntocometa.dev\/wp-content\/uploads\/2023\/05\/WhatsApp-Image-2023-05-17-at-13.59.12-225x300.jpeg\" alt=\"-\" width=\"225\" height=\"300\" title=\"\"> <img loading=\"lazy\" decoding=\"async\" class=\"alignnone size-medium wp-image-34283\" src=\"https:\/\/puntocometa.dev\/wp-content\/uploads\/2023\/05\/WhatsApp-Image-2023-05-17-at-13.59.00-3-225x300.jpeg\" alt=\"-\" width=\"225\" height=\"300\" title=\"\"><\/p>\n<p>&nbsp;<\/p>\n","protected":false},"excerpt":{"rendered":"<p>Da Cometa a Betlemme, per riflettere sul proprio ruolo e sull\u2019importanza di accompagnare bambini e ragazzi verso la costruzione del loro futuro. E\u2019 stata un\u2019esperienza estremamente arricchente quella che Matteo, Tommaso e Alessandro, tre educatori del centro diurno Il Manto, hanno vissuto tra l\u20198 e il 12 di maggio, quando, grazie a un nuovo progetto [&hellip;]<\/p>\n","protected":false},"author":12,"featured_media":34281,"comment_status":"open","ping_status":"open","sticky":false,"template":"","format":"standard","meta":{"_acf_changed":false,"give_campaign_id":0,"footnotes":""},"categories":[122],"tags":[66],"class_list":["post-34277","post","type-post","status-publish","format-standard","has-post-thumbnail","hentry","category-news","tag-accoglienza"],"acf":[],"_links":{"self":[{"href":"https:\/\/puntocometa.dev\/de\/wp-json\/wp\/v2\/posts\/34277","targetHints":{"allow":["GET"]}}],"collection":[{"href":"https:\/\/puntocometa.dev\/de\/wp-json\/wp\/v2\/posts"}],"about":[{"href":"https:\/\/puntocometa.dev\/de\/wp-json\/wp\/v2\/types\/post"}],"author":[{"embeddable":true,"href":"https:\/\/puntocometa.dev\/de\/wp-json\/wp\/v2\/users\/12"}],"replies":[{"embeddable":true,"href":"https:\/\/puntocometa.dev\/de\/wp-json\/wp\/v2\/comments?post=34277"}],"version-history":[{"count":0,"href":"https:\/\/puntocometa.dev\/de\/wp-json\/wp\/v2\/posts\/34277\/revisions"}],"wp:featuredmedia":[{"embeddable":true,"href":"https:\/\/puntocometa.dev\/de\/wp-json\/wp\/v2\/media\/34281"}],"wp:attachment":[{"href":"https:\/\/puntocometa.dev\/de\/wp-json\/wp\/v2\/media?parent=34277"}],"wp:term":[{"taxonomy":"category","embeddable":true,"href":"https:\/\/puntocometa.dev\/de\/wp-json\/wp\/v2\/categories?post=34277"},{"taxonomy":"post_tag","embeddable":true,"href":"https:\/\/puntocometa.dev\/de\/wp-json\/wp\/v2\/tags?post=34277"}],"curies":[{"name":"wp","href":"https:\/\/api.w.org\/{rel}","templated":true}]}}