{"id":33988,"date":"2023-04-19T15:40:33","date_gmt":"2023-04-19T13:40:33","guid":{"rendered":"https:\/\/puntocometa.dev\/?p=33988"},"modified":"2023-04-19T15:40:33","modified_gmt":"2023-04-19T13:40:33","slug":"como-citta-a-forte-vocazione-solidale-con-11-200-volontari-15-persone-su100-sopra-i-14-anni","status":"publish","type":"post","link":"https:\/\/puntocometa.dev\/de\/como-citta-a-forte-vocazione-solidale-con-11-200-volontari-15-persone-su100-sopra-i-14-anni\/","title":{"rendered":"Como citt\u00e0 a forte vocazione solidale con 11.200 volontari, 15 persone su100 sopra i 14 anni"},"content":{"rendered":"<p>Con circa 11.200 volontari, Como si conferma una citt\u00e0 a forte vocazione solidale: svolgono attivit\u00e0 benefiche circa il 15% delle persone con pi\u00f9 di 14 anni. \u00c9 quanto emerso oggi alla presentazione nel capoluogo lombardo del Rapporto \u201cSussidiariet\u00e0 e\u2026 sviluppo sociale\u201d, realizzato dalla Fondazione per la Sussidiariet\u00e0, in collaborazione con Istat.<\/p>\n<p>La Lombardia \u00e8 ai primi posti in Italia per tasso di volontariato, con circa il 15,3% fra le persone con oltre 14 anni, preceduta solo da Trentino Alto Adige e Veneto.<\/p>\n<p>Due terzi dei volontari comaschi operano nell&#8217;ambito di organizzazioni, mentre un terzo in modo diretto. I volontari sono divisi equamente fra uomini (51%) e donne (49%). La fascia di et\u00e0 con maggiore presenza \u00e8 quella da 45 a 64 anni. \u00a0Due terzi dei volontari hanno un diploma di scuola superiore o la laurea. Fra le persone in buone condizioni economiche quasi una su quattro fa volontariato. Ma l&#8217;impegno \u00e8 forte anche fra chi ha una situazione modesta (10%). Fra chi ha un&#8217;occupazione, circa il 14% svolge volontariato; il 10% fra disoccupati, pensionati e casalinghe.<\/p>\n<p>Il Rapporto rivela che la sussidiariet\u00e0, intesa come partecipazione ad attivit\u00e0 collettive, sociali e politiche, contribuisce a migliorare la qualit\u00e0 della vita, facilita la ricerca di un lavoro e riduce il rischio di povert\u00e0. Lo studio mostra una forte correlazione positiva fra impegno sussidiario e l&#8217;occupazione. La partecipazione a programmi di formazione continua favorisce l&#8217;inserimento nel mondo del lavoro, a tutte le et\u00e0 (0,7 su una scala da 0 a 1). Un impatto positivo nel trovare lavoro deriva dalla partecipazione ad attivit\u00e0 culturali fuori casa (0,89), dalla partecipazione sociale (0,88) e ad organizzazioni non profit (0,7).<\/p>\n<p>A livello nazionale il non profit d\u00e0 un contributo vitale alla crescita dell&#8217;Italia: il valore della produzione ha raggiunto nel 2022 gli 84 miliardi di euro (+5% rispetto al 2020). L&#8217;impatto reale sfiora i 100 miliardi di euro, considerando l&#8217;attivit\u00e0 degli oltre 6 milioni di volontari.<\/p>\n<p>L&#8217;economia sociale (cooperative, mutue, associazioni e fondazioni) conta a fine 2022 oltre 400.000 enti (+7% in 6 anni), quasi 1,6 milioni di addetti e oltre 6 milioni di volontari.<\/p>\n<p>All&#8217;incontro, nella Sala Bianca del Teatro Sociale, dalle 18, intervengono Alessandra Locatelli, Ministro per le disabilit\u00e0, Maria Chiara Gadda, Onorevole, promotrice \u201clegge antispreco\u201d, Alessandro Fermi, Assessore all\u2019Universit\u00e0, Ricerca, Innovazione, Regione Lombardia, Alessandro Rapinese, Sindaco di Como, Giorgio Vittadini, Presidente della Fondazione per la Sussidiariet\u00e0, Mauro Magatti, Professore di Sociologia, Universit\u00e0 Cattolica del Sacro Cuore, Aram Manoukian Imprenditore e presidente Confindustria Como, Gabriele Sepio, Avvocato tributarista e esperto del terzo settore, Lorenza Violini, Professoressa di Diritto Costituzionale, Universit\u00e0 degli Studi di Milano. Modera Alessandro Mele, Direttore generale Cometa.<\/p>\n<p>&#8222;La ricerca, la prima del genere in Italia, dimostra che la presenza di un privato sociale attivo e dinamico contribuisce ad attenuare le condizioni di disagio e favorisce l&#8217;occupazione&#8220;, afferma Giorgio Vittadini, presidente della Fondazione per la Sussidiariet\u00e0, &#8222;Il terzo pilastro tra Stato e mercato, quello della comunit\u00e0, gioca un ruolo chiave per lo sviluppo.\u00a0Lo studio mostra che la sussidiariet\u00e0 \u00e8 il carburante nel motore del sistema socio-economico&#8220;.<\/p>\n<p>&#8222;Il Terzo Settore ha un ruolo strategico nel progresso sociale, culturale ed economico del nostro Paese&#8220;, afferma l&#8217;Onorevole Maria Chiara Gadda, &#8222;Con i suoi volontari e lavoratori, rappresenta anche un modello economico stabile su cui innestare i pilastri della crescita nel solco della sostenibilit\u00e0, della transizione ecologica e dell\u2019innovazione. \u00c8 giunto il tempo di considerare l\u2019economia sociale come un capitolo di investimento e non certo di spesa residuale e di cambiare mentalit\u00e0 anche nella pubblica amministrazione, ad ogni livello, affinch\u00e9 il principio di co-programmazione e di co-progettazione con il Terzo Settore diventino una pratica diffusa&#8220;.<\/p>\n<p>\u201cL\u2019attuale livello dei servizi erogati nella nostra splendida Repubblica senza ausilio del terzo settore non sarebbe nemmeno immaginabile\u201d, afferma Alessandro Rapinese, Sindaco di Como, \u201cQuesto \u00e8 uno dei motivi per il quale la pubblica amministrazione deve sempre pi\u00f9 relazionarsi e integrarsi con il terzo settore.\u201d<\/p>\n<p>\u201cIl cambiamento d\u2019epoca che stiamo vivendo&#8220;, afferma Alessandro Mele, Direttore generale Cometa, &#8222;chiede un rinnovamento della nostra civilt\u00e0 che non pu\u00f2 che ripartire dal basso, dalla societ\u00e0 civile. I sistemi istituzionali sono sempre pi\u00f9 deboli e rigidi, il terzo settore rappresenta un punto di vivacit\u00e0 umana, culturale e operativa da cui pu\u00f2 ricominciare. Anche l\u2019azione amministrativa dovrebbe valorizzare la coprogrammazione, la coprogettazione, i Partenariati pubblico privato per rilanciare i luoghi vivi da\u00a0cui\u00a0ripartire.\u201d<\/p>\n<p><strong>LE IMMAGINI DELLA SERATA\u00a0\u00a0<\/strong><\/p>\n<p><img fetchpriority=\"high\" decoding=\"async\" class=\"alignnone size-medium wp-image-33999\" src=\"https:\/\/puntocometa.dev\/wp-content\/uploads\/2023\/04\/WhatsApp-Image-2023-04-18-at-12.49.49-225x300.jpeg\" alt=\"-\" width=\"225\" height=\"300\" title=\"\"> <img decoding=\"async\" class=\"alignnone wp-image-33998\" src=\"https:\/\/puntocometa.dev\/wp-content\/uploads\/2023\/04\/WhatsApp-Image-2023-04-18-at-12.49.50-225x300.jpeg\" alt=\"-\" width=\"225\" height=\"300\" title=\"\"> <img decoding=\"async\" class=\"alignnone size-medium wp-image-33995\" src=\"https:\/\/puntocometa.dev\/wp-content\/uploads\/2023\/04\/WhatsApp-Image-2023-04-18-at-12.49.57-225x300.jpeg\" alt=\"-\" width=\"225\" height=\"300\" title=\"\"> <img loading=\"lazy\" decoding=\"async\" class=\"alignnone size-medium wp-image-33993\" src=\"https:\/\/puntocometa.dev\/wp-content\/uploads\/2023\/04\/WhatsApp-Image-2023-04-18-at-12.50.18-225x300.jpeg\" alt=\"-\" width=\"225\" height=\"300\" title=\"\"><img loading=\"lazy\" decoding=\"async\" class=\"alignnone size-medium wp-image-33997\" src=\"https:\/\/puntocometa.dev\/wp-content\/uploads\/2023\/04\/WhatsApp-Image-2023-04-18-at-12.49.54-225x300.jpeg\" alt=\"-\" width=\"225\" height=\"300\" title=\"\"> <img loading=\"lazy\" decoding=\"async\" class=\"alignnone size-medium wp-image-33991\" src=\"https:\/\/puntocometa.dev\/wp-content\/uploads\/2023\/04\/WhatsApp-Image-2023-04-18-at-12.50.24-225x300.jpeg\" alt=\"-\" width=\"225\" height=\"300\" title=\"\"> <img loading=\"lazy\" decoding=\"async\" class=\"alignnone size-medium wp-image-33990\" src=\"https:\/\/puntocometa.dev\/wp-content\/uploads\/2023\/04\/WhatsApp-Image-2023-04-18-at-13.33.40-225x300.jpeg\" alt=\"-\" width=\"225\" height=\"300\" title=\"\"><\/p>\n<p><strong>RASSEGNA STAMPA<\/strong><\/p>\n<p><a href=\"https:\/\/puntocometa.dev\/wp-content\/uploads\/2023\/04\/WhatsApp-Image-2023-04-18-at-12.36.12.jpeg\"><strong>L&#8217;economia sociale fa ricca Como. 11.200 i volontari<\/strong><\/a><\/p>\n<p><a href=\"https:\/\/puntocometa.dev\/wp-content\/uploads\/2023\/04\/WhatsApp-Image-2023-04-16-at-07.30.46.jpeg\"><strong>Sussidiariet\u00e0, a Como il rapporto Istat. Mele &#8222;Ripartiamo dal Terzo Settore&#8220;<\/strong><\/a><\/p>\n","protected":false},"excerpt":{"rendered":"<p>Con circa 11.200 volontari, Como si conferma una citt\u00e0 a forte vocazione solidale: svolgono attivit\u00e0 benefiche circa il 15% delle persone con pi\u00f9 di 14 anni. \u00c9 quanto emerso oggi alla presentazione nel capoluogo lombardo del Rapporto \u201cSussidiariet\u00e0 e\u2026 sviluppo sociale\u201d, realizzato dalla Fondazione per la Sussidiariet\u00e0, in collaborazione con Istat. La Lombardia \u00e8 ai [&hellip;]<\/p>\n","protected":false},"author":12,"featured_media":33999,"comment_status":"open","ping_status":"open","sticky":false,"template":"","format":"standard","meta":{"_acf_changed":false,"give_campaign_id":0,"footnotes":""},"categories":[122],"tags":[66],"class_list":["post-33988","post","type-post","status-publish","format-standard","has-post-thumbnail","hentry","category-news","tag-accoglienza"],"acf":[],"_links":{"self":[{"href":"https:\/\/puntocometa.dev\/de\/wp-json\/wp\/v2\/posts\/33988","targetHints":{"allow":["GET"]}}],"collection":[{"href":"https:\/\/puntocometa.dev\/de\/wp-json\/wp\/v2\/posts"}],"about":[{"href":"https:\/\/puntocometa.dev\/de\/wp-json\/wp\/v2\/types\/post"}],"author":[{"embeddable":true,"href":"https:\/\/puntocometa.dev\/de\/wp-json\/wp\/v2\/users\/12"}],"replies":[{"embeddable":true,"href":"https:\/\/puntocometa.dev\/de\/wp-json\/wp\/v2\/comments?post=33988"}],"version-history":[{"count":0,"href":"https:\/\/puntocometa.dev\/de\/wp-json\/wp\/v2\/posts\/33988\/revisions"}],"wp:featuredmedia":[{"embeddable":true,"href":"https:\/\/puntocometa.dev\/de\/wp-json\/wp\/v2\/media\/33999"}],"wp:attachment":[{"href":"https:\/\/puntocometa.dev\/de\/wp-json\/wp\/v2\/media?parent=33988"}],"wp:term":[{"taxonomy":"category","embeddable":true,"href":"https:\/\/puntocometa.dev\/de\/wp-json\/wp\/v2\/categories?post=33988"},{"taxonomy":"post_tag","embeddable":true,"href":"https:\/\/puntocometa.dev\/de\/wp-json\/wp\/v2\/tags?post=33988"}],"curies":[{"name":"wp","href":"https:\/\/api.w.org\/{rel}","templated":true}]}}