{"id":28978,"date":"2021-06-10T11:42:54","date_gmt":"2021-06-10T09:42:54","guid":{"rendered":"https:\/\/puntocometa.dev\/?p=28978"},"modified":"2021-06-10T11:42:54","modified_gmt":"2021-06-10T09:42:54","slug":"debate-day-so-stare-nel-mondo","status":"publish","type":"post","link":"https:\/\/puntocometa.dev\/de\/debate-day-so-stare-nel-mondo\/","title":{"rendered":"Debate day: So-Stare nel Mondo"},"content":{"rendered":"<p>Una giornata di dibattito per i ragazzi del Liceo Artigianale della Scuola Oliver Twist per confrontare le proprie idee con quelle dei propri compagni e tornare a casa con nuove conoscenze e, perch\u00e9 no, anche con un\u2019opinione diversa. <\/p>\n<p>L\u2019iniziativa ha appassionato tutti, dagli studenti ai professori, che si sono sentiti coinvolti e interessati, in particolare i ragazzi della classe quinta, organizzatori e promotori di questa giornata. Hanno pensato a tutto, dalla gestione dell\u2019attivit\u00e0, coordinandosi anche con gli studenti online da casa, ai temi su cui discutere ovvero: la democrazia, la fecondazione in vitro e il rapporto tra bene e male.  <\/p>\n<p>Tutti hanno dato il loro contributo facendo emergere alcune conclusioni come l\u2019importanza di essere cittadini attivi, il rispetto per la vita e il concetto di bene nel pensiero comune. <\/p>\n<p>\u201cIl dibattito ha permesso il confronto tra persone di diverse et\u00e0 e con diverse idee, sarebbe interessante replicar eil dibattito tra qualche anno e vedere come e se cambia il nostro pensiero, con nuove esperienze e consapevolezze.\u201d Ci ha raccontato Iacopo, uno studente di quinta.I ragazzi, divisi in gruppi, hanno preparato argomentazioni a favore della tesi a loro assegnata per poi dibattere con gli altri gruppi. A moderare il dibattito? Ogni volta un ragazzo diverso, ovvero chi aveva proposto il tema su cui discutere.  <\/p>\n<p> \u201cIl dibattito \u00e8 stato efficace perch\u00e9 \u00e8 avvenuto realmente un confronto sia di conoscenze sia di umanit\u00e0 su argomenti molto intricati e con un grande margine di riflessione. La proposta \u00e8 stata funzionale e dinamica e ha funzionato nel migliore dei modi\u201d Pietro, uno studente della classe quinta. <\/p>\n<p>La giornata di dibattito \u00e8 stata utile non solo da un punto di vista didattico, ma anche umano. Un\u2019iniziativa pensata e voluta da loro, creando un momento di vera didattica inclusiva.<img decoding=\"async\" src=\"https:\/\/puntocometa.dev\/wp-content\/uploads\/2021\/06\/1-1.jpg\" style=\"max-width:100%;height:auto;\" alt=\"-\" title=\"\"><img decoding=\"async\" src=\"https:\/\/puntocometa.dev\/wp-content\/uploads\/2021\/06\/4-1.jpg\" style=\"max-width:100%;height:auto;\" alt=\"-\" title=\"\"><\/p>\n","protected":false},"excerpt":{"rendered":"<p>Una giornata di dibattito per i ragazzi del Liceo Artigianale della Scuola Oliver Twist per confrontare le proprie idee con quelle dei propri compagni e tornare a casa con nuove conoscenze e, perch\u00e9 no, anche con un\u2019opinione diversa. <\/p>\n","protected":false},"author":6,"featured_media":28980,"comment_status":"closed","ping_status":"open","sticky":false,"template":"","format":"standard","meta":{"_acf_changed":false,"give_campaign_id":0,"footnotes":""},"categories":[122],"tags":[],"class_list":["post-28978","post","type-post","status-publish","format-standard","has-post-thumbnail","hentry","category-news"],"acf":[],"_links":{"self":[{"href":"https:\/\/puntocometa.dev\/de\/wp-json\/wp\/v2\/posts\/28978","targetHints":{"allow":["GET"]}}],"collection":[{"href":"https:\/\/puntocometa.dev\/de\/wp-json\/wp\/v2\/posts"}],"about":[{"href":"https:\/\/puntocometa.dev\/de\/wp-json\/wp\/v2\/types\/post"}],"author":[{"embeddable":true,"href":"https:\/\/puntocometa.dev\/de\/wp-json\/wp\/v2\/users\/6"}],"replies":[{"embeddable":true,"href":"https:\/\/puntocometa.dev\/de\/wp-json\/wp\/v2\/comments?post=28978"}],"version-history":[{"count":0,"href":"https:\/\/puntocometa.dev\/de\/wp-json\/wp\/v2\/posts\/28978\/revisions"}],"wp:featuredmedia":[{"embeddable":true,"href":"https:\/\/puntocometa.dev\/de\/wp-json\/wp\/v2\/media\/28980"}],"wp:attachment":[{"href":"https:\/\/puntocometa.dev\/de\/wp-json\/wp\/v2\/media?parent=28978"}],"wp:term":[{"taxonomy":"category","embeddable":true,"href":"https:\/\/puntocometa.dev\/de\/wp-json\/wp\/v2\/categories?post=28978"},{"taxonomy":"post_tag","embeddable":true,"href":"https:\/\/puntocometa.dev\/de\/wp-json\/wp\/v2\/tags?post=28978"}],"curies":[{"name":"wp","href":"https:\/\/api.w.org\/{rel}","templated":true}]}}