{"id":28613,"date":"2021-04-30T12:35:50","date_gmt":"2021-04-30T10:35:50","guid":{"rendered":"https:\/\/puntocometa.dev\/?p=28613"},"modified":"2021-04-30T12:35:50","modified_gmt":"2021-04-30T10:35:50","slug":"cometa-la-nazionale-e-una-promessa","status":"publish","type":"post","link":"https:\/\/puntocometa.dev\/de\/cometa-la-nazionale-e-una-promessa\/","title":{"rendered":"Cometa, la nazionale e una promessa"},"content":{"rendered":"<p>Cala il sipario sul campionato di serie A2 femminile. Cometa conclude il girone di ritorno con un pareggio, finisce 5-5 la sfida con le piemontesi del Top Five. Tra le migliori in campo si segnalano Rebecca Livraghi e\u00a0 Federica Arighi, due giocatrici che hanno disputato una stagione di livello, a tal punto da meritare la convocazione in nazionale FIFS (Federazione Italiana Football Sala).<\/p>\n<p>La n.1 e la n.16 di Cometa, settimana scorsa, sono state chiamate dal ct Colombo per rappresentare il nostro Paese all\u2019interno dell\u2019AMF (Asociaci\u00f3n Mundial de Futsal). \u00c8 vero, si \u00e8 trattato di un primo raduno ma, a detta delle due rosso-amaranto \u201cUna bellissima sorpresa. Si tratta di un grande riconoscimento, ripaga lo sforzo di una stagione intera. Fa piacere essere state scelte, l\u2019obiettivo sar\u00e0 continuare il percorso di crescita iniziato quest\u2019anno\u201d e per quanto riguarda i progetti futuri \u201ca fine giungo ci sar\u00e0 un altro raduno, a luglio un amichevole internazionale. Speriamo di essere richiamate, sarebbe un onore\u201d.<\/p>\n<p>Sulla conclusione del campionato il portiere e il difensore di Cometa non hanno dubbi: \u201cAbbiamo visto molti miglioramenti da inizio stagione, il pareggio ottenuto domenica \u00e8 un buon risultato. Il livello del campionato di serie A2 \u00e8 molto alto, ma siamo diventati una squadra\u201d.<\/p>\n<p>Ci si congeda con un augurio, poter migliorare partita dopo partita anche nella prossima stagione\u00a0 \u201cAbbiamo pagato la poca esperienza in un campionato nazionale, per\u00f2 abbiamo dato tutto. Per l\u2019anno prossimo siamo fiduciose\u201d.<\/p>\n<p><img decoding=\"async\" src=\"https:\/\/puntocometa.dev\/wp-content\/uploads\/2021\/04\/nazionale-futsal-2.jpg\" style=\"max-width:100%;height:auto;\" alt=\"-\" title=\"\"><\/p>\n","protected":false},"excerpt":{"rendered":"<p>Cala il sipario sul campionato di serie A2 femminile. Cometa conclude il girone di ritorno con un pareggio, finisce 5-5 la sfida con le piemontesi del Top Five. Tra le migliori in campo si segnalano Rebecca Livraghi e  Federica Arighi, due giocatrici che hanno disputato una stagione di livello, a tal punto da meritare la convocazione in nazionale FIFS (Federazione Italiana Football Sala).<\/p>\n","protected":false},"author":7,"featured_media":28614,"comment_status":"closed","ping_status":"open","sticky":false,"template":"","format":"standard","meta":{"_acf_changed":false,"give_campaign_id":0,"footnotes":""},"categories":[122],"tags":[],"class_list":["post-28613","post","type-post","status-publish","format-standard","has-post-thumbnail","hentry","category-news"],"acf":[],"_links":{"self":[{"href":"https:\/\/puntocometa.dev\/de\/wp-json\/wp\/v2\/posts\/28613","targetHints":{"allow":["GET"]}}],"collection":[{"href":"https:\/\/puntocometa.dev\/de\/wp-json\/wp\/v2\/posts"}],"about":[{"href":"https:\/\/puntocometa.dev\/de\/wp-json\/wp\/v2\/types\/post"}],"author":[{"embeddable":true,"href":"https:\/\/puntocometa.dev\/de\/wp-json\/wp\/v2\/users\/7"}],"replies":[{"embeddable":true,"href":"https:\/\/puntocometa.dev\/de\/wp-json\/wp\/v2\/comments?post=28613"}],"version-history":[{"count":0,"href":"https:\/\/puntocometa.dev\/de\/wp-json\/wp\/v2\/posts\/28613\/revisions"}],"wp:featuredmedia":[{"embeddable":true,"href":"https:\/\/puntocometa.dev\/de\/wp-json\/wp\/v2\/media\/28614"}],"wp:attachment":[{"href":"https:\/\/puntocometa.dev\/de\/wp-json\/wp\/v2\/media?parent=28613"}],"wp:term":[{"taxonomy":"category","embeddable":true,"href":"https:\/\/puntocometa.dev\/de\/wp-json\/wp\/v2\/categories?post=28613"},{"taxonomy":"post_tag","embeddable":true,"href":"https:\/\/puntocometa.dev\/de\/wp-json\/wp\/v2\/tags?post=28613"}],"curies":[{"name":"wp","href":"https:\/\/api.w.org\/{rel}","templated":true}]}}