{"id":28586,"date":"2021-04-28T15:12:48","date_gmt":"2021-04-28T13:12:48","guid":{"rendered":"https:\/\/puntocometa.dev\/?p=28586"},"modified":"2021-04-28T15:12:48","modified_gmt":"2021-04-28T13:12:48","slug":"formazione-e-inserimento-lavorativo-dei-giovani-in-tempo-di-pandemia-i-risultati-del-progetto-passwork","status":"publish","type":"post","link":"https:\/\/puntocometa.dev\/de\/formazione-e-inserimento-lavorativo-dei-giovani-in-tempo-di-pandemia-i-risultati-del-progetto-passwork\/","title":{"rendered":"Formazione e inserimento lavorativo dei giovani in tempo di pandemia: i risultati del progetto \u201cPASSWORK\u201d"},"content":{"rendered":"<p>Si \u00e8 concluso il progetto \u201cPASSWORK. La chiave di accesso al lavoro dell\u2019innovazione\u201d\u00a0nell\u2019ambito di\u00a0\u201cLombardia Plus \u2013 2019\/2020 \u2013 Linea Smart\u201d,\u00a0a sostegno dello sviluppo delle politiche integrate di istruzione, formazione e lavoro. L\u2019intervento \u00e8 realizzato nell\u2019ambito delle iniziative promosse dal Programma Operativo Regionale cofinanziato dal Fondo Sociale Europeo <a href=\"#_ftn1\" name=\"_ftnref1\"><span>[1]<\/span><\/a>.<\/p>\n<p>Il progetto ha inteso soddisfare le esigenze espresse dal contesto produttivo della Provincia di Como erogando percorsi di formazione di specializzazione corrispondenti a specifiche figure professionali del QRSP di Regione Lombardia relativi a tre settori economici locali identitari \u2013 industria tessile, bar-ristorazione, falegnameria \u2013 nonch\u00e9 caratterizzanti il know-how di Cometa Formazione. I 6 corsi di formazione di specializzazione gratuiti rivolti a giovani disoccupati sono stati:<\/p>\n<ul>\n<li>\u201cTecniche di pasticceria non convenzionale\u201d ID217664<\/li>\n<li>\u201cBarman&amp;Mixology \u2013 I edizione\u201d ID217687<\/li>\n<li>\u201cBarman&amp;Mixology \u2013 II edizione\u201d ID217690<\/li>\n<li>\u201cBarman&amp;Mixology \u2013 III edizione\u201d ID217695<\/li>\n<li>\u201cDalla stampa tradizionale alla stampa digitale nel settore tessile\u201c ID217701<\/li>\n<li>\u201cWood Makers\u201d ID217705<\/li>\n<\/ul>\n<p><a href=\"https:\/\/puntocometa.dev\/2019\/11\/18\/lombardia-plus-2019\/\" class=\"button\">Scopri i dettagli del piano formativo di ciascun corso realizzato qui <\/a><\/p>\n<p>Il <b>contenuto dei corsi<\/b \u00e8 stato costruito ed erogato per essere <b>fortemente tecnico e mirato all\u2019acquisizione e\/o al potenziamento di specifiche competenze richieste dal mercato del lavoro<\/b> locale anche e soprattutto grazie alla <b>collaborazione di numerose aziende locali<\/b>, che hanno espresso e illustrato i fabbisogni relativi ai profili maggiormente ricercati e le esigenze formative legate a questi stessi profili. L\u2019analisi delle informazioni raccolte e le ricerche di contesto hanno restituito un quadro chiaro dei bisogni occupazionali ai quali rispondere con un\u2019<b>adeguata offerta formativa<\/b>.La <b>sinergia con le aziende<\/b>, e con i professionisti del mondo del lavoro che hanno curato la docenza dei percorsi, ha rappresentato uno dei principali punti di forza del progetto anche e soprattutto a seguito dello scoppio della pandemia e della necessit\u00e0 di <b>riprogettare la didattica in modalit\u00e0 di Formazione a Distanza<\/b>.Il grande <b>impegno<\/b> e la <b>resilienza<\/b> di Cometa Formazione nel riorganizzare in maniera rapida ed efficace la didattica, uniti all\u2019ampio <b>know-how<\/b> della struttura e dei docenti nel <b>garantire la qualit\u00e0<\/b> della formazione in qualsivoglia condizione di contesto, ha garantito la piena realizzazione delle attivit\u00e0 formative previste. Il supporto e il tutoraggio a sostegno di ciascun allievo hanno inoltre permesso di <b>sostenere la motivazione degli allievi durante un periodo di forte smarrimento<\/b>, in particolare per un target sensibile come quello destinatario dell\u2019intervento, e fungere da <b>facilitatore per tutte quelle difficolt\u00e0 legate alla mancanza di devices o skills tecnologiche emerse inevitabilmente durante la FAD<\/b>. Questo lavoro di accompagnamento ha permesso la tenuta degli allievi rispetto ai percorsi, favorendo un positivo livello di partecipazione e presenza.L\u2019obiettivo relativo al numero dei beneficiari raggiunti \u00e8 stato ampiamente raggiunto, coinvolgendo anche <b>pi\u00f9 allievi del previsto<\/b>: gli allievi effettivi complessivi sono stati infatti n.52. <b>I 6 corsi di formazione<\/b> previsti, per un totale di 940 ore di cui 210 in contesto lavorativo, sono stati <b>realizzati pienamente senza alcuna modifica o riduzione ai piani formativi<\/b>. Le <b>attivit\u00e0 di stage curriculare<\/b> previste dai percorsi sono state <b>regolarmente realizzate in presenza<\/b> (secondo quanto stabilito dalle normative vigenti) senza sostituirle con attivit\u00e0 di project work o smart working, nonostante le oggettive difficolt\u00e0 da parte delle aziende di accogliere allievi in stage per le pesanti condizioni di contesto che hanno portato a lunghi periodi di chiusura.<b>Le negative ricadute economiche causate dalla pandemia<\/b>, inoltre, che hanno visto e ancora vedono le aziende lombarde di quasi la totalit\u00e0 dei settori produttivi in grande difficolt\u00e0, <b>non hanno facilitato l\u2019inserimento degli allievi a lavoro nel post-formazione<\/b>. Cometa Formazione, per\u00f2, ha lavorato affinch\u00e9 si potessero formalizzare e avviare percorsi di lavorativi anche in settori non strettamente coerenti con i settori produttivi di riferimento dei percorsi formativi, mettendo al primo posto la tutela dell\u2019interesse e del bisogno di inserimento lavorativo del target di riferimento.<b>I dati di inserimento rilevati al 31 marzo 2021 mostrano n. 20 allievi occupati e n. 2 allievi reinseritisi in percorsi di formazione (il 42% del totale allievi), fuoriuscendo dalla condizione di Neet<\/b>. Secondo l\u2019indagine continua Excelsior, infatti, le conseguenze della pandemia da Covid-19 sono evidenti: il calo rispetto al 2019 \u00e8 di quasi un terzo (-31,4%), pari a 20.550 unit\u00e0. La diminuzione ha riguardato in misura significativa la provincia di Como, dove le assunzioni preventivate scendono da 43.310 a 29.360 (-13.950, pari al -32,2%). I risultati di inserimento a conclusione del progetto, dunque, <b>alla luce dei dati di settore, assumono maggiore peso e valore tanto per la resilienza messa in atto per soddisfare l\u2019esigenza di occupazione dei beneficiari, tanto per la dimostrata continuit\u00e0 e qualit\u00e0 dei servizi erogati dall\u2019ente seppur in un contesto di straordinaria e inattesa difficolt\u00e0. <\/b><b>L\u2019accompagnamento all\u2019inserimento lavorativo dei beneficiari di progetto per\u00f2 non si ferma! <\/b><b>L\u2019Ufficio Orientamento e Lavoro di Cometa Formazione, come da sua particolare mission, continuer\u00e0 a lavorare sul placement degli allievi, in vista di una auspicata e tanto attesa riapertura dei mercati locali, nazionali e internazionali, cos\u00ec come della mobilit\u00e0 turistica preziosa per il nostro territorio, che potranno portare nuove opportunit\u00e0 per i nostri giovani. <\/b><\/p>\n<p><a href=\"#_ftnref1\" name=\"_ftn1\"><span>[1]<\/span><\/a> Per maggiori informazioni\u00a0<a href=\"http:\/\/www.ue.regione.lombardia.it\/\" rel=\"nofollow noopener\" target=\"_blank\">www.ue.regione.lombardia.it<\/a>.<\/p>\n<hr \/>\n<hr \/>\n<div class=\"kvgmc6g5 cxmmr5t8 oygrvhab hcukyx3x c1et5uql ii04i59q\">\n<div dir=\"auto\"><span class=\"pq6dq46d tbxw36s4 knj5qynh kvgmc6g5 ditlmg2l oygrvhab nvdbi5me sf5mxxl7 gl3lb2sf hhz5lgdu\"><img decoding=\"async\" height=\"16\" width=\"16\" alt=\"\ud83c\udf78\" referrerpolicy=\"origin-when-cross-origin\" src=\"https:\/\/static.xx.fbcdn.net\/images\/emoji.php\/v9\/tc5\/1.5\/16\/1f378.png\" title=\"\"><\/span><span class=\"pq6dq46d tbxw36s4 knj5qynh kvgmc6g5 ditlmg2l oygrvhab nvdbi5me sf5mxxl7 gl3lb2sf hhz5lgdu\"><img decoding=\"async\" height=\"16\" width=\"16\" alt=\"\ud83c\udf79\" referrerpolicy=\"origin-when-cross-origin\" src=\"https:\/\/static.xx.fbcdn.net\/images\/emoji.php\/v9\/t46\/1.5\/16\/1f379.png\" title=\"\"><\/span><span class=\"pq6dq46d tbxw36s4 knj5qynh kvgmc6g5 ditlmg2l oygrvhab nvdbi5me sf5mxxl7 gl3lb2sf hhz5lgdu\"><img decoding=\"async\" height=\"16\" width=\"16\" alt=\"\ud83e\udd43\" referrerpolicy=\"origin-when-cross-origin\" src=\"https:\/\/static.xx.fbcdn.net\/images\/emoji.php\/v9\/te9\/1.5\/16\/1f943.png\" title=\"\"><\/span> Gli allievi del corso Barman&amp;Mixology hanno svolto la loro prova finale preparando dei gustosissimi cocktail! E\u2019 stato un anno sfidante ma la voglia di imparare e prepararsi al mondo del lavoro \u00e8 stata pi\u00f9 forte!<\/div>\n<div dir=\"auto\">Complimenti a tutti! <span class=\"pq6dq46d tbxw36s4 knj5qynh kvgmc6g5 ditlmg2l oygrvhab nvdbi5me sf5mxxl7 gl3lb2sf hhz5lgdu\"><img loading=\"lazy\" decoding=\"async\" height=\"16\" width=\"16\" alt=\"\ud83e\udd73\" referrerpolicy=\"origin-when-cross-origin\" src=\"https:\/\/static.xx.fbcdn.net\/images\/emoji.php\/v9\/tc6\/1.5\/16\/1f973.png\" title=\"\"><\/span><\/div>\n<\/div>\n<div class=\"o9v6fnle cxmmr5t8 oygrvhab hcukyx3x c1et5uql ii04i59q\">\n<div dir=\"auto\">Di che si tratta?<span class=\"pq6dq46d tbxw36s4 knj5qynh kvgmc6g5 ditlmg2l oygrvhab nvdbi5me sf5mxxl7 gl3lb2sf hhz5lgdu\"><img loading=\"lazy\" decoding=\"async\" height=\"16\" width=\"16\" alt=\"\ud83d\udc47\" referrerpolicy=\"origin-when-cross-origin\" src=\"https:\/\/static.xx.fbcdn.net\/images\/emoji.php\/v9\/ta8\/1.5\/16\/1f447.png\" title=\"\"><\/span><\/div>\n<div dir=\"auto\">Il corso di Barman&amp;Mixology \u2013 III edizione rientra nel programma Lombardia Plus- POR FSE<\/div>\n<div dir=\"auto\">Scopri di pi\u00f9: <span><a class=\"oajrlxb2 g5ia77u1 qu0x051f esr5mh6w e9989ue4 r7d6kgcz rq0escxv nhd2j8a9 nc684nl6 p7hjln8o kvgmc6g5 cxmmr5t8 oygrvhab hcukyx3x jb3vyjys rz4wbd8a qt6c0cv9 a8nywdso i1ao9s8h esuyzwwr f1sip0of lzcic4wl py34i1dx gpro0wi8\" href=\"https:\/\/bit.ly\/2WfYkGm?fbclid=IwAR1AMAT0-1ZkXrqeM4V1yQ02GiGZ0N0eeZT3J6coHTr6KXPymVmqL0hdIpI\" rel=\"nofollow noopener\" role=\"link\" target=\"_blank\" tabindex=\"0\">https:\/\/bit.ly\/2WfYkGm<\/a><\/span><\/div>\n<\/div>\n<p><!-- gallery rimossa --><\/p>\n","protected":false},"excerpt":{"rendered":"<p>Si \u00e8 concluso il progetto \u201cPASSWORK. La chiave di accesso al lavoro dell\u2019innovazione\u201d\u00a0nell\u2019ambito di\u00a0\u201cLombardia Plus \u2013 2019\/2020 \u2013 Linea Smart\u201d,\u00a0a sostegno dello sviluppo delle politiche integrate di istruzione, formazione e lavoro. L\u2019intervento \u00e8 realizzato nell\u2019ambito delle iniziative promosse dal Programma Operativo Regionale cofinanziato dal Fondo Sociale Europeo [1]. Il progetto ha inteso soddisfare le esigenze [&hellip;]<\/p>\n","protected":false},"author":7,"featured_media":28602,"comment_status":"closed","ping_status":"open","sticky":false,"template":"","format":"standard","meta":{"_acf_changed":false,"give_campaign_id":0,"footnotes":""},"categories":[122],"tags":[],"class_list":["post-28586","post","type-post","status-publish","format-standard","has-post-thumbnail","hentry","category-news"],"acf":[],"_links":{"self":[{"href":"https:\/\/puntocometa.dev\/de\/wp-json\/wp\/v2\/posts\/28586","targetHints":{"allow":["GET"]}}],"collection":[{"href":"https:\/\/puntocometa.dev\/de\/wp-json\/wp\/v2\/posts"}],"about":[{"href":"https:\/\/puntocometa.dev\/de\/wp-json\/wp\/v2\/types\/post"}],"author":[{"embeddable":true,"href":"https:\/\/puntocometa.dev\/de\/wp-json\/wp\/v2\/users\/7"}],"replies":[{"embeddable":true,"href":"https:\/\/puntocometa.dev\/de\/wp-json\/wp\/v2\/comments?post=28586"}],"version-history":[{"count":0,"href":"https:\/\/puntocometa.dev\/de\/wp-json\/wp\/v2\/posts\/28586\/revisions"}],"wp:featuredmedia":[{"embeddable":true,"href":"https:\/\/puntocometa.dev\/de\/wp-json\/wp\/v2\/media\/28602"}],"wp:attachment":[{"href":"https:\/\/puntocometa.dev\/de\/wp-json\/wp\/v2\/media?parent=28586"}],"wp:term":[{"taxonomy":"category","embeddable":true,"href":"https:\/\/puntocometa.dev\/de\/wp-json\/wp\/v2\/categories?post=28586"},{"taxonomy":"post_tag","embeddable":true,"href":"https:\/\/puntocometa.dev\/de\/wp-json\/wp\/v2\/tags?post=28586"}],"curies":[{"name":"wp","href":"https:\/\/api.w.org\/{rel}","templated":true}]}}