{"id":28128,"date":"2021-03-26T09:52:08","date_gmt":"2021-03-26T08:52:08","guid":{"rendered":"https:\/\/puntocometa.dev\/?p=28128"},"modified":"2021-03-26T09:52:08","modified_gmt":"2021-03-26T08:52:08","slug":"la-zona-rossa-non-ferma-la-sportiva","status":"publish","type":"post","link":"https:\/\/puntocometa.dev\/de\/la-zona-rossa-non-ferma-la-sportiva\/","title":{"rendered":"La zona rossa non ferma la Sportiva"},"content":{"rendered":"<p class=\"double\">La Lombardia torna in zona rossa; le attivit\u00e0 sportive, a malincuore, sono sospese. I bambini e ragazzi dell\u2019Associazione Sportiva, fino a pochi giorni fa, avevano continuato ad allenarsi seguendo le norme anti-Covid. Di fronte al nuovo giro di stretta, tuttavia, il settore giovanile ha dovuto interrompere gli incontri in presenza.<br \/>\n&nbsp;<br \/>\nTutto bloccato? Assolutamente no, e Victor (responsabile del settore base), ci ha raccontato il primo allenamento a distanza: \u201cAbbiamo iniziato con gli allenamenti online, coinvolgendo tutte le categorie; dai piccoli amici fino agli esordienti. Gli esercizi che abbiamo proposto riguardano la tecnica individuale, la coordinazione e attivit\u00e0 ludiche\u201d.<br \/>\n&nbsp;<br \/>\nLa risposta dei ragazzi non si \u00e8 fatta attendere, \u201cAbbiamo avuto l\u2019adesione di tanti allievi, non era cos\u00ec scontato vederli collegati e cos\u00ec attivi e partecipi anche da casa. Per i genitori \u00e8 stato un sollievo vederli concentrati nell\u2019allenamento anche da casa.<br \/>\nL\u2019ora di allenamento \u00e8 stata suddivisa in vari momenti: preparazione del corpo e della mente all\u2019attivit\u00e0 fisica, lavoro sulla capacit\u00e0 coordinativa ed esercizi con la palla per quanto riguarda la tecnica individuale. I portieri, inoltre, hanno avuto la possibilit\u00e0 di fare un lavoro specifico con il preparatore. \u201cNon pensavo di vedere i bambini cos\u00ec entusiasti. Questa \u00e8 la forza di noi allenatori, proviamo a coinvolgere i ragazzi anche a distanza con una proposta non solo ludica, ma anche educativa\u201d conclude Victor.<br \/>\n&nbsp;<br \/>\nLa distanza tra allenatori e giocatori non si \u00e8 fatta sentire. AS Cometa \u00e8 andata oltre ogni tipo di distanza e limite di zone, le attivit\u00e0 proseguono nella consapevolezza che lo sport \u00e8 uno strumento educativo importante. Non ci si pu\u00f2 fermare!<br \/>\n&nbsp;<\/p>\n","protected":false},"excerpt":{"rendered":"<p>La Lombardia torna in zona rossa; le attivit\u00e0 sportive, a malincuore, sono sospese. I bambini e ragazzi dell\u2019Associazione Sportiva, fino a pochi giorni fa, avevano continuato ad allenarsi seguendo le norme anti-Covid. Di fronte al nuovo giro di stretta, tuttavia, il settore giovanile ha dovuto interrompere gli incontri in presenza.<\/p>\n","protected":false},"author":6,"featured_media":28134,"comment_status":"closed","ping_status":"open","sticky":false,"template":"","format":"standard","meta":{"_acf_changed":false,"give_campaign_id":0,"footnotes":""},"categories":[122],"tags":[],"class_list":["post-28128","post","type-post","status-publish","format-standard","has-post-thumbnail","hentry","category-news"],"acf":[],"_links":{"self":[{"href":"https:\/\/puntocometa.dev\/de\/wp-json\/wp\/v2\/posts\/28128","targetHints":{"allow":["GET"]}}],"collection":[{"href":"https:\/\/puntocometa.dev\/de\/wp-json\/wp\/v2\/posts"}],"about":[{"href":"https:\/\/puntocometa.dev\/de\/wp-json\/wp\/v2\/types\/post"}],"author":[{"embeddable":true,"href":"https:\/\/puntocometa.dev\/de\/wp-json\/wp\/v2\/users\/6"}],"replies":[{"embeddable":true,"href":"https:\/\/puntocometa.dev\/de\/wp-json\/wp\/v2\/comments?post=28128"}],"version-history":[{"count":0,"href":"https:\/\/puntocometa.dev\/de\/wp-json\/wp\/v2\/posts\/28128\/revisions"}],"wp:featuredmedia":[{"embeddable":true,"href":"https:\/\/puntocometa.dev\/de\/wp-json\/wp\/v2\/media\/28134"}],"wp:attachment":[{"href":"https:\/\/puntocometa.dev\/de\/wp-json\/wp\/v2\/media?parent=28128"}],"wp:term":[{"taxonomy":"category","embeddable":true,"href":"https:\/\/puntocometa.dev\/de\/wp-json\/wp\/v2\/categories?post=28128"},{"taxonomy":"post_tag","embeddable":true,"href":"https:\/\/puntocometa.dev\/de\/wp-json\/wp\/v2\/tags?post=28128"}],"curies":[{"name":"wp","href":"https:\/\/api.w.org\/{rel}","templated":true}]}}