{"id":16857,"date":"2018-03-21T12:34:43","date_gmt":"2018-03-21T11:34:43","guid":{"rendered":"https:\/\/puntocometa.dev\/?p=16857"},"modified":"2018-03-21T12:34:43","modified_gmt":"2018-03-21T11:34:43","slug":"progetto-22-campione-devicenzi-in-cometa","status":"publish","type":"post","link":"https:\/\/puntocometa.dev\/de\/progetto-22-campione-devicenzi-in-cometa\/","title":{"rendered":"\u201cProgetto 22\u201d,  il campione Devicenzi in Cometa"},"content":{"rendered":"<div title=\"Page 1\">\n<div>\n<p><strong>\u201cRagazzi ricordatevi: le nostre azioni fanno la differenza. Le nostre azioni sono le\u00a0uniche in grado di abbattere le barriere fisiche e mentali\u201d e ancora\u00a0\u201cSono io che mi assumo la\u00a0responsabilit\u00e0 di ci\u00f2 che ho o non ho nella mia vita. Nessuno ci deve nulla e lamentandosi non si ottiene\u00a0nulla\u201d.<\/strong><\/p>\n<\/div>\n<div>\n<div>\n<p><strong>Questi alcuni dei suggerimenti che Andrea Devicenzi, atleta paralimpico di Martignana di Po, ha rivolto agli\u00a0studenti della Scuola Oliver Twist che ha incontrato stamani, 21 marzo, nell\u2019Aula Magna della Scuola di via\u00a0Madruzza (a Como).<\/strong><\/p>\n<\/div>\n<\/div>\n<div>\n<div>\n<div>\n<p><strong>Andrea Devicenzi ha partecipato al progetto OSO (Ogni Sport Oltre) di Fondazione Vodafone per\u00a0<\/strong><strong>promuovere lo sport per le persone diversamente abili, e mentre si prepara per il cammino di San\u00a0<\/strong><strong>Francesco a settembre (500 km da coprire, a piedi, e sulle stampelle, nel giro di 22-25 giorni), l\u2019atleta\u00a0<\/strong><strong>continua con il suo tour tra le scuole italiane per raccontare ai ragazzi la sua esperienza e spronarli a non abbattersi mai, a trovare sempre il coraggio e la forza di andare avanti e raggiungere sempre nuovi obiettivi. Devicenzi amputato della gamba sinistra a causa di un incidente motociclistico, oggi ha raggiunto\u00a0brillanti risultati nello sport e nella vita.<\/strong><\/p>\n<\/div>\n<\/div>\n<\/div>\n<div>\n<p><strong>\u201cSvegliarsi a 17 anni dopo l\u2019incidente in quel letto d\u2019ospedale con una gamba in meno \u00e8 stato molto difficile \u2013 ha raccontato ai ragazzi di Cometa -, all\u2019inizio apparentemente impossibile. Ho scelto di reagire: se ne era andata una gamba, ma non la voglia di raggiungere quegli obiettivi e quei sogni che avevo nella testa. Uno su tutti: riacquistare nel pi\u00f9 breve tempo possibile la mia esistenza di ragazzo, di persona\u201d.<\/strong><\/p>\n<p><strong>Attraverso la sua testimonianza, fatta di parole, video ed immagini, Devincenzi ha condiviso la propria esperienza per incentivare giovani e adulti a scoprire e sviluppare tutte le potenzialit\u00e0 inespresse per permettere loro di trasformarle nel loro personale talento.<\/strong><\/p>\n<p><strong>\u201cIl mio successo \u00e8 questo: non medaglie o coppe ma parlare a voi ragazzi \u2013 ha precisato l\u2019atleta paralimpico \u2013 perch\u00e9 voi siete la speranza per il futuro: bisogna abbattere il pregiudizio che normalit\u00e0 sia avere 2 gambe; che normalit\u00e0 sia essere uguale agli altri; che normalit\u00e0 sia non avere difetti\u201d.<\/strong><\/p>\n<\/div>\n<\/div>\n<div title=\"Page 2\">\n<p><strong>Grande il coinvolgimento dei ragazzi soprattutto quando Devicenzi ha parlato anche di bullismo tra i pi\u00f9 giovani \u201cin questa societ\u00e0 tutta dedita all\u2019immagine \u2013 ha detto \u2013 siamo ossessionati dalla forma e dalla pretesa della perfezione e questo molte volte \u00e8 alla base dei fenomeni di bullismo anche e soprattutto tra i corridoi di scuola\u201d.<\/strong><\/p>\n<p><strong>Diverse le domande e le testimonianze degli studenti. Come quella di Davide (nome di fantasia ndr) che ha raccontato del suo incidente al legamento del ginocchio sinistro \u201csono stato fermo per mesi, subito interventi ma non mi sono lasciato andare. E cos\u00ec giorno dopo giorno, con sacrificio mi sono rialzato in piedi e tornato sul campo\u201d<\/strong><\/p>\n<p>&nbsp;<\/p>\n<\/div>\n","protected":false},"excerpt":{"rendered":"<p>\u201cRagazzi ricordatevi: le nostre azioni fanno la differenza. Le nostre azioni sono le\u00a0uniche in grado di abbattere le barriere fisiche e mentali\u201d e ancora\u00a0\u201cSono io che mi assumo la\u00a0responsabilit\u00e0 di ci\u00f2 che ho o non ho nella mia vita. Nessuno ci deve nulla e lamentandosi non si ottiene\u00a0nulla\u201d. Questi alcuni dei suggerimenti che Andrea Devicenzi, [&hellip;]<\/p>\n","protected":false},"author":10,"featured_media":16858,"comment_status":"open","ping_status":"open","sticky":false,"template":"","format":"standard","meta":{"_acf_changed":false,"give_campaign_id":0,"footnotes":""},"categories":[122],"tags":[],"class_list":["post-16857","post","type-post","status-publish","format-standard","has-post-thumbnail","hentry","category-news"],"acf":[],"_links":{"self":[{"href":"https:\/\/puntocometa.dev\/de\/wp-json\/wp\/v2\/posts\/16857","targetHints":{"allow":["GET"]}}],"collection":[{"href":"https:\/\/puntocometa.dev\/de\/wp-json\/wp\/v2\/posts"}],"about":[{"href":"https:\/\/puntocometa.dev\/de\/wp-json\/wp\/v2\/types\/post"}],"author":[{"embeddable":true,"href":"https:\/\/puntocometa.dev\/de\/wp-json\/wp\/v2\/users\/10"}],"replies":[{"embeddable":true,"href":"https:\/\/puntocometa.dev\/de\/wp-json\/wp\/v2\/comments?post=16857"}],"version-history":[{"count":0,"href":"https:\/\/puntocometa.dev\/de\/wp-json\/wp\/v2\/posts\/16857\/revisions"}],"wp:attachment":[{"href":"https:\/\/puntocometa.dev\/de\/wp-json\/wp\/v2\/media?parent=16857"}],"wp:term":[{"taxonomy":"category","embeddable":true,"href":"https:\/\/puntocometa.dev\/de\/wp-json\/wp\/v2\/categories?post=16857"},{"taxonomy":"post_tag","embeddable":true,"href":"https:\/\/puntocometa.dev\/de\/wp-json\/wp\/v2\/tags?post=16857"}],"curies":[{"name":"wp","href":"https:\/\/api.w.org\/{rel}","templated":true}]}}