{"id":16524,"date":"2017-11-06T18:54:02","date_gmt":"2017-11-06T17:54:02","guid":{"rendered":"https:\/\/puntocometa.dev\/?p=16524"},"modified":"2017-11-06T18:54:02","modified_gmt":"2017-11-06T17:54:02","slug":"rotary-gruppo-lario-cometa-insieme-per-i-msna-minori-stranieri-non-accompagnati","status":"publish","type":"post","link":"https:\/\/puntocometa.dev\/de\/rotary-gruppo-lario-cometa-insieme-per-i-msna-minori-stranieri-non-accompagnati\/","title":{"rendered":"Rotary Gruppo Lario e Cometa insieme per i Msna (minori stranieri non accompagnati)"},"content":{"rendered":"<h3>Al via corso di alfabetizzazione per una loro reale integrazione<\/h3>\n<h3>In Lombardia sono oltre mille i minori \u201cai margini\u201d<\/h3>\n<p>Come realizzare una vera e concreta <b>integrazione e accoglienza di minori stranieri<\/b> che arrivano sulle nostre coste senza alcun adulto al loro fianco e soprattutto senza conoscere una parola in italiano?<\/p>\n<p><b>Ad ottobre 2017<\/b> i minori stranieri non accompagnati (<b>MSNA<\/b>) presenti e censiti nella regione Lombardia sono <b>1047<\/b> su un totale di 23.700 richiedenti asilo accolti. Nel 92% dei casi l\u2019et\u00e0 \u00e8 compresa <b>tra i 15 e i 18 anni <\/b>e la maggior parte \u00e8 di sesso maschile (74%) (fonte Ministero dell\u2019 Interno).\u00a0 A questi si aggiungono quelli presenti ma sconosciuti alle Prefetture e quelli in arrivo con i flussi migratori in corso.<\/p>\n<p>Cifre da record soprattutto se si considera che negli ultimi quattro anni<b> 60 mila minori non accompagnati sono arrivati in Italia <\/b>(fonte Ministero dell\u2019 Interno).<\/p>\n<p>Vite in \u201csospeso\u201d: scappano dalla guerra, dalla fame e dagli arruolamenti forzati, si affidano a veri e propri \u201cviaggi della speranza\u201d e non sempre l\u2019arrivo in Italia si traduce in rinascita e riscatto. <b>Solo pochi tra loro riescono, infatti, ad accedere a progetti concreti e reali di integrazione: la maggior parte non conosce l\u2019italiano <\/b>e non hanno gli strumenti per spendere le proprie competenze o sviluppare capacit\u00e0.<b> Il loro futuro<\/b> \u00e8 dunque molto <b>incerto e ai margini della societ\u00e0.<\/b><\/p>\n<p>Proprio a loro si rivolge <b>\u201cLOGOS \u2013 linguaggi e azioni per l\u2019inclusione\u201d <\/b>\u00a0il progetto di <b>Rotary Club gruppo Lario<\/b>\u00a0 e <b>Cometa <\/b>entrato nel vivo qualche giorno fa.<\/p>\n<p>Si tratta di <b>corsi di alfabetizzazione rivolto a 15 giovani stranieri <\/b>che arrivano dal<i> <\/i><b>Bangladesh,\u00a0 Gambia, Costa D\u2019Avorio, Mali e Nigeria: <\/b>tutti minorenni tranne 3 neo diciottenni.<i><\/i><\/p>\n<p>Il progetto consta di due \u201ctempi\u201d: valutazione e selezione dei beneficiari; avvio di <b>corsi di alfabetizzazione<\/b> e di lingua italiana. Per poi \u201ccoronare\u201d con <b>orientamento lavorativo<\/b> e percorso personalizzante.<\/p>\n<p>Nel concreto <b>Rotary<\/b> <b>Club gruppo Lario<\/b>\u00a0 e Cometa garantiscono <b>un mentor\/tutor ogni 3 studenti<\/b>, l\u2019individuazione di <b>occasioni di lavoro e contatti con le aziende<\/b>, la realizzazione di una <b>biblioteca a disposizione dei beneficiari<\/b> e l\u2019avvio di lezioni approfondite internet e pacchetto office.<\/p>\n<p><i>\u201cIl Rotary International \u2013 <\/i>dice Carlo Cattaneo, Assistente del Governatore per il Gruppo Lario<i> &#8211; ormai <b>da diversi anni pone la sua attenzione al tema dell\u2019alfabetizzazione. <\/b>Alfabetizzare vuol dire agevolare l\u2019integrazione di un individuo all\u2019interno di una societ\u00e0 che parla una lingua diversa, che ha usanze e abitudini diverse. Da queste considerazioni, <b>nello spirito di servizio che \u00e8 proprio del Rotary,<\/b> nell\u2019ambito del Gruppo Lario, <b>si \u00e8 deciso di promuovere il Progetto Logos <\/b>che <b>ben rappresenta le vie attraverso le quali passa necessariamente l\u2019integrazione<\/b>: <\/i><i>lingua; lavoro e relativi problemi di sicurezza; salute e sociale\u201d.<\/i><\/p>\n<p><i>\u201c<\/i><i>Non esiste infatti un individuo \u2013 <\/i>continua<i> \u00a0<\/i>Cattaneo<i> \u00a0&#8211; che sia ben integrato se non conosce la lingua, non produce valore attraverso il suo lavoro, non sia in grado di curarsi e viva in un ambiente sicuro\u201d.<\/i><\/p>\n<p>\u201c<i>Da rilevare che i beneficiari inseriti in questo primo percorso avviato presso <a href=\"https:\/\/puntocometa.dev\/cometa-formazione\/\">Cometa Formazione<\/a><\/i>\u00a0\u2013 dice Carlo Garbagna, \u00a0responsabile Ufficio Progetti di Cometa <i>&#8211; <b>hanno un livello di alfabetizzazione A0 e molti di loro sono analfabeti<\/b> nella loro patria. La scelta di questa utenza particolarmente bisognosa <b>\u00e8 volta a dare l\u2019opportunit\u00e0 a chi \u00e8 pi\u00f9 in difficolt\u00e0 <\/b>di avere un luogo privilegiato di apprendimento\u201d.<\/i><\/p>\n<p>LOGOS si fonda su tre aspetti pedagogici principali. <b>Ordine:<\/b> puntualit\u00e0, frequenza alle lezioni e controllo costante sulla partecipazione della classe alle lezioni; <b>Attenzione educativa<\/b>: attenzione a tutti i particolari pratici e personali che rendono difficoltoso il lavoro didattico o la frequenza; <b>Personalizzazione<\/b>: \u00e8 continuamente presente il riferimento al lavoro e alla scoperta delle attitudini di ciascun ragazzo inserito nel percorso formativo; questo avviene anche grazie alla loro partecipazione a laboratori a scopo orientativo (cura del verde e orto, ristorazione, <a href=\"https:\/\/puntocometa.dev\/falegnameria\/\">falegnameria<\/a>\u00a0e decorazione legno) e uscite ad hoc per conoscere il territorio\u201d.<\/p>\n<p><i>\u00a0<a href=\"https:\/\/puntocometa.dev\/wp-content\/uploads\/2017\/11\/P_20171011_150818.jpg\"><img fetchpriority=\"high\" decoding=\"async\" class=\"aligncenter size-large wp-image-16526\" src=\"https:\/\/puntocometa.dev\/wp-content\/uploads\/2017\/11\/P_20171011_150818-680x382.jpg\" alt=\"P_20171011_150818\" width=\"680\" height=\"382\" title=\"\"><\/a><\/i><\/p>\n<p><em><b>Rotary Club gruppo Lario<\/b>: Appiano Gentile, Cant\u00f9, Como, Como Baradello ed Erba Laghi. Il responsabile provinciale di Como \u00e8 oggi Carlo Cattaneo del Club Erba Laghi. Il Governatore 2018\/2019 del Distretto 2042 (carica annuale) sar\u00e0 Roberto Dotti del Como Baradello. I club della provincia di Como del Distretto 2042 di cui per l\u2019anno 2017\/2018 \u00e8 Governatore Nicola Guastadisegni sono 5: Appiano Gentile (44 soci \u2013 Presidente Paola Mognoni); Cant\u00f9 (49 soci \u2013 Presidente Fabio Stock); Como (61 soci \u2013 Presidente Stefano Fagetti); Como Baradello (65 soci \u2013 Presidente Michele Tomaselli) ed Erba Laghi (44 soci \u2013 Presidente Cesare Spreafico).<\/em><\/p>\n","protected":false},"excerpt":{"rendered":"<p>Al via corso di alfabetizzazione per una loro reale integrazione In Lombardia sono oltre mille i minori \u201cai margini\u201d Come realizzare una vera e concreta integrazione e accoglienza di minori stranieri che arrivano sulle nostre coste senza alcun adulto al loro fianco e soprattutto senza conoscere una parola in italiano? Ad ottobre 2017 i minori [&hellip;]<\/p>\n","protected":false},"author":10,"featured_media":16525,"comment_status":"open","ping_status":"open","sticky":false,"template":"","format":"standard","meta":{"_acf_changed":false,"give_campaign_id":0,"footnotes":""},"categories":[122],"tags":[],"class_list":["post-16524","post","type-post","status-publish","format-standard","has-post-thumbnail","hentry","category-news"],"acf":[],"_links":{"self":[{"href":"https:\/\/puntocometa.dev\/de\/wp-json\/wp\/v2\/posts\/16524","targetHints":{"allow":["GET"]}}],"collection":[{"href":"https:\/\/puntocometa.dev\/de\/wp-json\/wp\/v2\/posts"}],"about":[{"href":"https:\/\/puntocometa.dev\/de\/wp-json\/wp\/v2\/types\/post"}],"author":[{"embeddable":true,"href":"https:\/\/puntocometa.dev\/de\/wp-json\/wp\/v2\/users\/10"}],"replies":[{"embeddable":true,"href":"https:\/\/puntocometa.dev\/de\/wp-json\/wp\/v2\/comments?post=16524"}],"version-history":[{"count":0,"href":"https:\/\/puntocometa.dev\/de\/wp-json\/wp\/v2\/posts\/16524\/revisions"}],"wp:attachment":[{"href":"https:\/\/puntocometa.dev\/de\/wp-json\/wp\/v2\/media?parent=16524"}],"wp:term":[{"taxonomy":"category","embeddable":true,"href":"https:\/\/puntocometa.dev\/de\/wp-json\/wp\/v2\/categories?post=16524"},{"taxonomy":"post_tag","embeddable":true,"href":"https:\/\/puntocometa.dev\/de\/wp-json\/wp\/v2\/tags?post=16524"}],"curies":[{"name":"wp","href":"https:\/\/api.w.org\/{rel}","templated":true}]}}