{"id":15073,"date":"2016-09-12T08:47:54","date_gmt":"2016-09-12T06:47:54","guid":{"rendered":"https:\/\/puntocometa.dev\/?p=15073"},"modified":"2016-09-12T08:47:54","modified_gmt":"2016-09-12T06:47:54","slug":"convegno-dalla-parte-dei-bambini","status":"publish","type":"post","link":"https:\/\/puntocometa.dev\/de\/convegno-dalla-parte-dei-bambini\/","title":{"rendered":"CONVEGNO &#8222;DALLA PARTE DEI BAMBINI&#8220;"},"content":{"rendered":"<p><strong>Quali sono i diritti dei bambini?<\/strong><\/p>\n<p><strong>La nostra legislazione cosa fa e cosa dovrebbe fare sul tema dell&#8217;adozione e dell&#8217;affido?<\/strong><br \/>\n<strong>Il Corriere della Sera e la sua Fondazione, insieme a Cometa, cercheranno di approfondire l&#8217;argomento nel corso di un Convegno che si terr\u00e0<\/strong><\/p>\n<h2>luned\u00ec 12 settembre ore 9.30<\/h2>\n<p><strong>in SALA BUZZATI<br \/>\n<strong>(Via Eugenio Balzan, 3 \u00a0&#8211; Milano &#8211; sede Fondazione Corriere della Sera).<\/strong><br \/>\n<\/strong><\/p>\n<p><strong>Interverranno esperti e operatori del settore.<\/strong><\/p>\n<p><strong>La pagina di inchiesta pubblicata il giorno 07\/09\/2016 sul quotidiano:<\/strong><\/p>\n<p><a href=\"https:\/\/puntocometa.dev\/wp-content\/uploads\/2016\/09\/CORRIEREFC_NAZIONALE_WEB2016_09_07_Page26.pdf\" target=\"_blank\" rel=\"noopener noreferrer\">Dalla parte dei bambini, E. Soglio e E. Serra, Corriere della Sera, 07\/09\/2016 &#8211;<br \/>\nPARTE 1<\/a>\u00a0e\u00a0<a href=\"https:\/\/puntocometa.dev\/wp-content\/uploads\/2016\/09\/CORRIEREFC_NAZIONALE_WEB2016_09_07_Page27.pdf\" target=\"_blank\" rel=\"noopener noreferrer\">PARTE 2<\/a><\/p>\n<p><em><strong>Elisabetta Soglio, Corriere della Sera, 7 settembre 2016<\/strong><\/em><\/p>\n<p><strong>&#8222;Mettiamola cos\u00ec. Passi una giornata in questo posto e ti senti gi\u00e0 a casa: al punto che avresti solo voglia di tornarci e quando esci hai il cuore pi\u00f9 leggero. Cometa \u00e8 tante cose<\/strong>:&#8230;&#8220;<\/p>\n<p><a href=\"http:\/\/bit.ly\/2c6q7A6\" target=\"_blank\" rel=\"noopener noreferrer nofollow\">CONTINUA A LEGGERE<\/a><\/p>\n<p><strong>Il Convegno sar\u00e0 trasmesso \u00e8 stato trasmesso\u00a0in streaming.<\/strong><\/p>\n<p><strong><em>CLICCA QUI per vedere il VIDEO DEL CONVEGNO<\/em><\/strong><\/p>\n<p><a href=\"https:\/\/puntocometa.dev\/wp-content\/uploads\/2016\/09\/IMG_9808.jpg\"><img fetchpriority=\"high\" decoding=\"async\" class=\"aligncenter size-large wp-image-15087\" src=\"https:\/\/puntocometa.dev\/wp-content\/uploads\/2016\/09\/IMG_9808-680x510.jpg\" alt=\"img_9808\" width=\"680\" height=\"510\" title=\"\"><\/a> <a href=\"https:\/\/puntocometa.dev\/wp-content\/uploads\/2016\/09\/IMG_9815.jpg\"><img decoding=\"async\" class=\"aligncenter size-large wp-image-15089\" src=\"https:\/\/puntocometa.dev\/wp-content\/uploads\/2016\/09\/IMG_9815-680x510.jpg\" alt=\"img_9815\" width=\"680\" height=\"510\" title=\"\"><\/a> <a href=\"https:\/\/puntocometa.dev\/wp-content\/uploads\/2016\/09\/IMG_9816.jpg\"><img decoding=\"async\" class=\"aligncenter size-large wp-image-15090\" src=\"https:\/\/puntocometa.dev\/wp-content\/uploads\/2016\/09\/IMG_9816-680x510.jpg\" alt=\"img_9816\" width=\"680\" height=\"510\" title=\"\"><\/a> <a href=\"https:\/\/puntocometa.dev\/wp-content\/uploads\/2016\/09\/IMG_9822.jpg\"><img loading=\"lazy\" decoding=\"async\" class=\"aligncenter size-large wp-image-15091\" src=\"https:\/\/puntocometa.dev\/wp-content\/uploads\/2016\/09\/IMG_9822-680x510.jpg\" alt=\"img_9822\" width=\"680\" height=\"510\" title=\"\"><\/a><\/p>\n","protected":false},"excerpt":{"rendered":"<p>Quali sono i diritti dei bambini? La nostra legislazione cosa fa e cosa dovrebbe fare sul tema dell&#8217;adozione e dell&#8217;affido? Il Corriere della Sera e la sua Fondazione, insieme a Cometa, cercheranno di approfondire l&#8217;argomento nel corso di un Convegno che si terr\u00e0 luned\u00ec 12 settembre ore 9.30 in SALA BUZZATI (Via Eugenio Balzan, 3 [&hellip;]<\/p>\n","protected":false},"author":10,"featured_media":15039,"comment_status":"open","ping_status":"open","sticky":false,"template":"","format":"standard","meta":{"_acf_changed":false,"give_campaign_id":0,"footnotes":""},"categories":[122],"tags":[],"class_list":["post-15073","post","type-post","status-publish","format-standard","has-post-thumbnail","hentry","category-news"],"acf":[],"_links":{"self":[{"href":"https:\/\/puntocometa.dev\/de\/wp-json\/wp\/v2\/posts\/15073","targetHints":{"allow":["GET"]}}],"collection":[{"href":"https:\/\/puntocometa.dev\/de\/wp-json\/wp\/v2\/posts"}],"about":[{"href":"https:\/\/puntocometa.dev\/de\/wp-json\/wp\/v2\/types\/post"}],"author":[{"embeddable":true,"href":"https:\/\/puntocometa.dev\/de\/wp-json\/wp\/v2\/users\/10"}],"replies":[{"embeddable":true,"href":"https:\/\/puntocometa.dev\/de\/wp-json\/wp\/v2\/comments?post=15073"}],"version-history":[{"count":0,"href":"https:\/\/puntocometa.dev\/de\/wp-json\/wp\/v2\/posts\/15073\/revisions"}],"wp:attachment":[{"href":"https:\/\/puntocometa.dev\/de\/wp-json\/wp\/v2\/media?parent=15073"}],"wp:term":[{"taxonomy":"category","embeddable":true,"href":"https:\/\/puntocometa.dev\/de\/wp-json\/wp\/v2\/categories?post=15073"},{"taxonomy":"post_tag","embeddable":true,"href":"https:\/\/puntocometa.dev\/de\/wp-json\/wp\/v2\/tags?post=15073"}],"curies":[{"name":"wp","href":"https:\/\/api.w.org\/{rel}","templated":true}]}}