{"id":12298,"date":"2015-09-26T17:36:36","date_gmt":"2015-09-26T15:36:36","guid":{"rendered":"https:\/\/puntocometa.dev\/?p=12298"},"modified":"2015-09-26T17:36:36","modified_gmt":"2015-09-26T15:36:36","slug":"mottarone-per-cometa","status":"publish","type":"post","link":"https:\/\/puntocometa.dev\/de\/mottarone-per-cometa\/","title":{"rendered":"MOTTARONE PER COMETA"},"content":{"rendered":"<p><strong>La montagna dei due laghi&#8220;, cos\u00ec \u00e8 chiamato il Mottarone, per la sua particolare posizione da cui si pu\u00f2 godere un panorama davvero suggestivo, che abbraccia sia il Lago Maggiore che il Lago d&#8217;Orta.\u00a0<\/strong><br \/>\n<strong>Oggi si \u00e8 svolto il tradizionale evento ciclistico: circa 70 km di percorso reso duro da due salite toste.\u00a0<\/strong><br \/>\n<strong>Le quote di partecipazione raccolte sono state devolute a COMETA.<\/strong><\/p>\n<p><strong>Grazie di cuore a tutti gli @AmicidiCometa che hanno partecipato e a Marco Farina, anima dell&#8217;organizzazione e straordinario sostenitore di Cometa.<\/strong><\/p>\n<p><a href=\"https:\/\/puntocometa.dev\/wp-content\/uploads\/2015\/09\/21.jpg\"><img fetchpriority=\"high\" decoding=\"async\" class=\"alignnone size-medium wp-image-12300\" src=\"https:\/\/puntocometa.dev\/wp-content\/uploads\/2015\/09\/21-320x426.jpg\" alt=\"2\" width=\"320\" height=\"426\" title=\"\"><\/a> <a href=\"https:\/\/puntocometa.dev\/wp-content\/uploads\/2015\/09\/3.jpg\"><img decoding=\"async\" class=\"alignnone size-medium wp-image-12301\" src=\"https:\/\/puntocometa.dev\/wp-content\/uploads\/2015\/09\/3-320x426.jpg\" alt=\"3\" width=\"320\" height=\"426\" title=\"\"><\/a> <a href=\"https:\/\/puntocometa.dev\/wp-content\/uploads\/2015\/09\/4.jpg\"><img decoding=\"async\" class=\"alignnone size-medium wp-image-12302\" src=\"https:\/\/puntocometa.dev\/wp-content\/uploads\/2015\/09\/4-320x426.jpg\" alt=\"4\" width=\"320\" height=\"426\" title=\"\"><\/a> <a href=\"https:\/\/puntocometa.dev\/wp-content\/uploads\/2015\/09\/5.jpg\"><img loading=\"lazy\" decoding=\"async\" class=\"alignnone size-medium wp-image-12303\" src=\"https:\/\/puntocometa.dev\/wp-content\/uploads\/2015\/09\/5-320x426.jpg\" alt=\"5\" width=\"320\" height=\"426\" title=\"\"><\/a><\/p>\n","protected":false},"excerpt":{"rendered":"<p>La montagna dei due laghi&#8220;, cos\u00ec \u00e8 chiamato il Mottarone, per la sua particolare posizione da cui si pu\u00f2 godere un panorama davvero suggestivo, che abbraccia sia il Lago Maggiore che il Lago d&#8217;Orta.\u00a0 Oggi si \u00e8 svolto il tradizionale evento ciclistico: circa 70 km di percorso reso duro da due salite toste.\u00a0 Le quote [&hellip;]<\/p>\n","protected":false},"author":10,"featured_media":12299,"comment_status":"open","ping_status":"open","sticky":false,"template":"","format":"standard","meta":{"_acf_changed":false,"give_campaign_id":0,"footnotes":""},"categories":[122],"tags":[],"class_list":["post-12298","post","type-post","status-publish","format-standard","has-post-thumbnail","hentry","category-news"],"acf":[],"_links":{"self":[{"href":"https:\/\/puntocometa.dev\/de\/wp-json\/wp\/v2\/posts\/12298","targetHints":{"allow":["GET"]}}],"collection":[{"href":"https:\/\/puntocometa.dev\/de\/wp-json\/wp\/v2\/posts"}],"about":[{"href":"https:\/\/puntocometa.dev\/de\/wp-json\/wp\/v2\/types\/post"}],"author":[{"embeddable":true,"href":"https:\/\/puntocometa.dev\/de\/wp-json\/wp\/v2\/users\/10"}],"replies":[{"embeddable":true,"href":"https:\/\/puntocometa.dev\/de\/wp-json\/wp\/v2\/comments?post=12298"}],"version-history":[{"count":0,"href":"https:\/\/puntocometa.dev\/de\/wp-json\/wp\/v2\/posts\/12298\/revisions"}],"wp:attachment":[{"href":"https:\/\/puntocometa.dev\/de\/wp-json\/wp\/v2\/media?parent=12298"}],"wp:term":[{"taxonomy":"category","embeddable":true,"href":"https:\/\/puntocometa.dev\/de\/wp-json\/wp\/v2\/categories?post=12298"},{"taxonomy":"post_tag","embeddable":true,"href":"https:\/\/puntocometa.dev\/de\/wp-json\/wp\/v2\/tags?post=12298"}],"curies":[{"name":"wp","href":"https:\/\/api.w.org\/{rel}","templated":true}]}}