{"id":11027,"date":"2015-05-06T18:36:10","date_gmt":"2015-05-06T16:36:10","guid":{"rendered":"https:\/\/puntocometa.dev\/?p=11027"},"modified":"2015-05-06T18:36:10","modified_gmt":"2015-05-06T16:36:10","slug":"expoesia","status":"publish","type":"post","link":"https:\/\/puntocometa.dev\/de\/expoesia\/","title":{"rendered":"EXPOesia"},"content":{"rendered":"<p><strong>Luned\u00ec in Cometa \u00e8 venuta in visita una delegazione dell&#8217;associazione\u00a0<a href=\"https:\/\/www.facebook.com\/pages\/Circolo-dei-Lettori-Certosini\/401804833295134\" data-gt=\"{&quot;entity_id&quot;:&quot;401804833295134&quot;,&quot;entity_path&quot;:&quot;\\\/pagelet\\\/pageletserver.php:PagePostsPagelet&quot;}\" data-hovercard=\"\/ajax\/hovercard\/page.php?id=401804833295134\" rel=\"nofollow noopener\" target=\"_blank\">Circolo dei Lettori Certosini<\/a>, organizzatori del secondo concorso nazionale di poesia &#8222;Alda Merini&#8220;.<\/strong><\/p>\n<p><strong>Francesco Campiotti, prof. di lettere della Scuola Oliver Twist di Cometa, sar\u00e0 Presidente della Giuria del concorso che, in omaggio a Expo, quest\u2019anno lancia il bando di partecipazione dal il titolo: &#8222;aprire il Cuore per nutrire il Pianeta&#8220;.<\/strong><br \/>\n<strong>Il desiderio \u00e8 quello di rilanciare il valore educativo non solo della letteratura studiata sui libri, ma del percorso di conoscenza che scrivere un componimento porta nel cuore di ciascuno di noi.<\/strong><\/p>\n<div>\n<p><strong>Ad accogliere gli ospiti due allieve della Scuola, Sara Muraca e Linda della Torre, che hanno raccontato la loro esperienza scolastica e il \u201cmetodo\u201d didattico della Scuola che stanno sperimentando.<\/strong><br \/>\n<strong>&#8222;E se vi chiedessimo, facendo l&#8217;avvocato del diavolo, perch\u00e9 mai una persona dovrebbe venire a studiare in Cometa?&#8220; hanno chiesto alle ragazze i nostri ospiti, catturati dalla passione che permea le frasi delle due guide, per metterle alla prova fino in fondo.<\/strong><\/p>\n<p><strong>Linda con piglio sicuro risponde: &#8222;Perch\u00e9 qui non \u00e8 diverso da un Liceo classico, certo cambiano le materie e magari si studia qualche ora in meno, ma sono certa che in questo luogo si apprende di pi\u00f9. Perch\u00e9 gli adulti che lavorano con noi non ci lasciano mai in pace, \u00e8 evidente che per loro siamo importanti&#8220;.<\/strong><\/p>\n<p><strong>E\u2019 nata cos\u00ec una nuova e bella amicizia, fatta di stima reciproca e di voglia di fare, tutti insieme, per il bene di ogni ragazzo che percorre i corridoi di una scuola.<\/strong><\/p>\n<p><strong>Appuntamento il 5 giugno a Milano, dove si terr\u00e0 la premiazione delle poesie migliori, tra le numerose in concorso.\u00a0<\/strong><br \/>\n<a href=\"https:\/\/www.facebook.com\/hashtag\/expoesia?source=feed_text&amp;story_id=825637210839964\" data-ft=\"{&quot;tn&quot;:&quot;*N&quot;,&quot;type&quot;:104}\" rel=\"nofollow noopener\" target=\"_blank\">\u202a#\u200eEXPOesia\u202c<\/a>!<\/p>\n<\/div>\n","protected":false},"excerpt":{"rendered":"<p>Luned\u00ec in Cometa \u00e8 venuta in visita una delegazione dell&#8217;associazione\u00a0Circolo dei Lettori Certosini, organizzatori del secondo concorso nazionale di poesia &#8222;Alda Merini&#8220;. Francesco Campiotti, prof. di lettere della Scuola Oliver Twist di Cometa, sar\u00e0 Presidente della Giuria del concorso che, in omaggio a Expo, quest\u2019anno lancia il bando di partecipazione dal il titolo: &#8222;aprire il [&hellip;]<\/p>\n","protected":false},"author":10,"featured_media":11028,"comment_status":"open","ping_status":"open","sticky":false,"template":"","format":"standard","meta":{"_acf_changed":false,"give_campaign_id":0,"footnotes":""},"categories":[122],"tags":[],"class_list":["post-11027","post","type-post","status-publish","format-standard","has-post-thumbnail","hentry","category-news"],"acf":[],"_links":{"self":[{"href":"https:\/\/puntocometa.dev\/de\/wp-json\/wp\/v2\/posts\/11027","targetHints":{"allow":["GET"]}}],"collection":[{"href":"https:\/\/puntocometa.dev\/de\/wp-json\/wp\/v2\/posts"}],"about":[{"href":"https:\/\/puntocometa.dev\/de\/wp-json\/wp\/v2\/types\/post"}],"author":[{"embeddable":true,"href":"https:\/\/puntocometa.dev\/de\/wp-json\/wp\/v2\/users\/10"}],"replies":[{"embeddable":true,"href":"https:\/\/puntocometa.dev\/de\/wp-json\/wp\/v2\/comments?post=11027"}],"version-history":[{"count":0,"href":"https:\/\/puntocometa.dev\/de\/wp-json\/wp\/v2\/posts\/11027\/revisions"}],"wp:attachment":[{"href":"https:\/\/puntocometa.dev\/de\/wp-json\/wp\/v2\/media?parent=11027"}],"wp:term":[{"taxonomy":"category","embeddable":true,"href":"https:\/\/puntocometa.dev\/de\/wp-json\/wp\/v2\/categories?post=11027"},{"taxonomy":"post_tag","embeddable":true,"href":"https:\/\/puntocometa.dev\/de\/wp-json\/wp\/v2\/tags?post=11027"}],"curies":[{"name":"wp","href":"https:\/\/api.w.org\/{rel}","templated":true}]}}