{"id":1007127,"date":"2026-02-26T12:59:24","date_gmt":"2026-02-26T11:59:24","guid":{"rendered":"https:\/\/puntocometa.dev\/?p=1007127"},"modified":"2026-03-12T15:55:08","modified_gmt":"2026-03-12T14:55:08","slug":"cosa-vuoi-fare-da-grande-una-riflessione-con-carlo-lepri-sulleta-adulta-delle-persone-con-disabilita-intellettiva","status":"publish","type":"post","link":"https:\/\/puntocometa.dev\/de\/cosa-vuoi-fare-da-grande-una-riflessione-con-carlo-lepri-sulleta-adulta-delle-persone-con-disabilita-intellettiva\/","title":{"rendered":"\u201cCosa vuoi fare da grande?\u201d \u2013 una riflessione con Carlo Lepri sull\u2019et\u00e0 adulta delle persone con disabilit\u00e0 intellettiva"},"content":{"rendered":"\n<p class=\"wp-block-paragraph\"><strong><em>\u201cCosa vuoi fare da grande?\u201d<\/em> \u00c8 una domanda importante, da rivolgere a ogni bambino, anche a quelli con una disabilit\u00e0 intellettiva.<\/strong><\/p>\n\n\n\n<p class=\"wp-block-paragraph\"><strong>Carlo Lepri<\/strong> &#8211; psicologo, docente e pioniere nel campo dell\u2019integrazione lavorativa delle persone con disabilit\u00e0 \u2013 ha presentato in Cometa <strong>il suo libro <em>\u201cDiventare Grandi. La condizione adulta delle persone con disabilit\u00e0 intellettiva\u201d<\/em>.<\/strong><\/p>\n\n\n\n<p class=\"wp-block-paragraph\">Al centro della sua riflessione proprio questa provocazione: <strong>imparare ad immaginare adulte le persone con disabilit\u00e0, iniziando a farlo sin da quando sono bambine.<\/strong> \u00c8 proprio cos\u00ec infatti che si diventa socialmente, emotivamente e psicologicamente adulti; quando gli altri ci riconoscono come tali vedendo in noi <strong>i tratti propri della maturit\u00e0: l\u2019autodeterminazione, l\u2019interdipendenza, l\u2019assunzione di ruoli.<\/strong><\/p>\n\n\n\n<p class=\"wp-block-paragraph\">Ognuno, in modo proporzionale alle proprie caratteristiche, pu\u00f2 tendere a questi obiettivi. E <strong>chi ci riesce diventa esempio e modello per gli altri.<\/strong><\/p>\n\n\n\n<p class=\"wp-block-paragraph\">\u00c8 il caso di <strong>Paola<\/strong>, &#8211; la cui storia \u00e8 raccontata nel libro &#8211; <strong>una donna con sindrome di Down impiegata in una Scuola dell\u2019infanzia<\/strong>. Il suo impegno quotidiano, il suo lavorare con seriet\u00e0, il suo relazionarsi con i colleghi <strong>non sfuggono agli occhi di Francesca<\/strong>, una bambina con sindrome di Down iscritta al primo anno di asilo, a sua mamma e alla sua maestra che \u2013 accorgendosi della curiosit\u00e0 e dell\u2019ammirazione della piccola nei confronti di Paola \u2013 confida come <strong>\u201c<em>secondo me Francesca \u00e8 nata adesso.\u201d<\/em><\/strong>&nbsp;<\/p>\n\n\n\n<p class=\"wp-block-paragraph\"><strong>Le persone con disabilit\u00e0<\/strong> infatti &#8211; citando lo scrittore Pontiggia &#8211; <strong>\u201cnascono due volte\u201d,<\/strong> prima biologicamente e poi psicologicamente, nel momento in cui si comprende che <strong>possono avere un futuro, una vita.<\/strong><\/p>\n\n\n\n<p class=\"wp-block-paragraph\">Ogni persona con disabilit\u00e0 pu\u00f2 diventare adulta, ognuna secondo le sue possibilit\u00e0. Ci\u00f2 che conta \u00e8 che per tutti &#8211; persone con disabilit\u00e0 incluse &#8211; questo <strong>processo possa avere inizio, venga sostenuto, sia riconosciuto e possa realizzarsi.<\/strong><\/p>\n\n\n\n<p class=\"wp-block-paragraph\">Questo passaggio richiede <strong>uno sforzo sia da parte dei bambini e giovani con disabilit\u00e0, che da parte dei loro genitori<\/strong>.<\/p>\n\n\n\n<p class=\"wp-block-paragraph\">Un punto di svolta tanto complesso quando fondamentale \u00e8 <strong>la possibilit\u00e0 di guardare al limite<\/strong>, senza celarlo, posticiparlo, evitarlo. Il limite, infatti, quando riconosciuto, pu\u00f2 diventare generativo, <strong>un punto di partenza prospettico per guardare a ci\u00f2 che invece si pu\u00f2 e si sa fare<\/strong>, \u201c<em>un muro su cui appoggiarsi per crescere\u201d.<\/em><\/p>\n\n\n\n<p class=\"wp-block-paragraph\"><strong>Per i genitori, poi, una provocazione ancora pi\u00f9 grande: imparare a non pensarsi indispensabili per sempre<\/strong>. Un processo fondamentale per la crescita che dovrebbe iniziare gi\u00e0 in adolescenza &#8211; una fase in cui naturalmente il figlio \u00e8 portato a creare una frattura con i genitori per delineare sempre pi\u00f9 la sua identit\u00e0 e autodeterminazione &#8211; che per\u00f2 spesso <strong>i ragazzi e le ragazze con disabilit\u00e0 intellettiva non hanno la forza di fare<\/strong>. Diventa quindi cruciale il ruolo dei genitori, che devono compiere uno sforzo quasi innaturale: <strong>distanziare il figlio, dargli autonomia, credere nella sua possibilit\u00e0 di crescere, in un passaggio difficile ma spesso risolutivo.<\/strong><\/p>\n\n\n\n<p class=\"wp-block-paragraph\">Nell\u2019immaginare il proprio figlio con disabilit\u00e0 adulto <strong>si perde la rassicurazione propria del trattare con un bambino,<\/strong> con cui si sa cosa fare. Con un adulto cambiano le distanze, fisiche ed emotive, ma \u00e8 proprio <strong>riconoscere questo passaggio che rende possibile la realizzazione della persona.<\/strong> Parafrasando un passaggio de <em>Il coniglietto di velluto<\/em> di Margery Williams, citato da Lepri, <strong>\u201c<em>diventare reale (o adulto) \u00e8 una cosa che ti capita quando ti si vuole bene a lungo, molto a lungo<\/em><\/strong><em>, non solo per giocare con te, ma ti si vuole bene davvero. Ci vuole molto tempo, in genere ti ritrovi spelacchiato e malandato, ma queste cose non hanno importanza perch\u00e9 <strong>una volta che sei reale non puoi essere brutto, ma dura per sempre.\u201d<\/strong><\/em><\/p>\n\n\n\n<figure class=\"wp-block-embed is-type-video is-provider-youtube wp-block-embed-youtube wp-embed-aspect-16-9 wp-has-aspect-ratio\"><div class=\"wp-block-embed__wrapper\">\n<iframe title=\"Lepri presenta &quot;Diventare Grandi. La condizione adulta delle persone con disabilit\u00e0 intellettiva&quot;\" width=\"500\" height=\"281\" src=\"https:\/\/www.youtube.com\/embed\/NFY6vF5PS0M?feature=oembed\" frameborder=\"0\" allow=\"accelerometer; autoplay; clipboard-write; encrypted-media; gyroscope; picture-in-picture; web-share\" referrerpolicy=\"strict-origin-when-cross-origin\" allowfullscreen><\/iframe>\n<\/div><\/figure>\n\n\n\n<p class=\"wp-block-paragraph\"><\/p>\n","protected":false},"excerpt":{"rendered":"<p>\u201cCosa vuoi fare da grande?\u201d \u00c8 una domanda importante, da rivolgere a ogni bambino, anche a quelli con una disabilit\u00e0 intellettiva. Carlo Lepri &#8211; psicologo, docente e pioniere nel campo dell\u2019integrazione lavorativa delle persone con disabilit\u00e0 \u2013 ha presentato in Cometa il suo libro \u201cDiventare Grandi. La condizione adulta delle persone con disabilit\u00e0 intellettiva\u201d. Al [&hellip;]<\/p>\n","protected":false},"author":15,"featured_media":1007138,"comment_status":"open","ping_status":"open","sticky":false,"template":"","format":"standard","meta":{"_acf_changed":false,"give_campaign_id":0,"footnotes":""},"categories":[1,122,69],"tags":[],"class_list":["post-1007127","post","type-post","status-publish","format-standard","has-post-thumbnail","hentry","category-senza-categoria","category-news","category-eventi"],"acf":[],"_links":{"self":[{"href":"https:\/\/puntocometa.dev\/de\/wp-json\/wp\/v2\/posts\/1007127","targetHints":{"allow":["GET"]}}],"collection":[{"href":"https:\/\/puntocometa.dev\/de\/wp-json\/wp\/v2\/posts"}],"about":[{"href":"https:\/\/puntocometa.dev\/de\/wp-json\/wp\/v2\/types\/post"}],"author":[{"embeddable":true,"href":"https:\/\/puntocometa.dev\/de\/wp-json\/wp\/v2\/users\/15"}],"replies":[{"embeddable":true,"href":"https:\/\/puntocometa.dev\/de\/wp-json\/wp\/v2\/comments?post=1007127"}],"version-history":[{"count":3,"href":"https:\/\/puntocometa.dev\/de\/wp-json\/wp\/v2\/posts\/1007127\/revisions"}],"predecessor-version":[{"id":1007133,"href":"https:\/\/puntocometa.dev\/de\/wp-json\/wp\/v2\/posts\/1007127\/revisions\/1007133"}],"wp:featuredmedia":[{"embeddable":true,"href":"https:\/\/puntocometa.dev\/de\/wp-json\/wp\/v2\/media\/1007138"}],"wp:attachment":[{"href":"https:\/\/puntocometa.dev\/de\/wp-json\/wp\/v2\/media?parent=1007127"}],"wp:term":[{"taxonomy":"category","embeddable":true,"href":"https:\/\/puntocometa.dev\/de\/wp-json\/wp\/v2\/categories?post=1007127"},{"taxonomy":"post_tag","embeddable":true,"href":"https:\/\/puntocometa.dev\/de\/wp-json\/wp\/v2\/tags?post=1007127"}],"curies":[{"name":"wp","href":"https:\/\/api.w.org\/{rel}","templated":true}]}}